{"id":36449,"date":"2022-07-08T21:07:47","date_gmt":"2022-07-09T00:07:47","guid":{"rendered":"https:\/\/pinews.com.br\/?p=36449"},"modified":"2022-07-08T21:07:47","modified_gmt":"2022-07-09T00:07:47","slug":"dupla-armada-invade-residencia-rouba-motocicleta-e-r-15-mil-na-zona-rural-de-vera-mendes","status":"publish","type":"post","link":"https:\/\/pinews.com.br\/index.php\/2022\/07\/08\/dupla-armada-invade-residencia-rouba-motocicleta-e-r-15-mil-na-zona-rural-de-vera-mendes\/","title":{"rendered":"Dupla armada invade resid\u00eancia, rouba motocicleta e R$ 15 mil na zona rural de Vera Mendes"},"content":{"rendered":"\n<p>Dois homens armados fizeram um arrast\u00e3o em uma resid\u00eancia na localidade Olho D\u2019\u00e1gua Velho, zona rural de Vera Mendes. O crime ocorreu na madrugada desta sexta-feira (8), por volta das 5h30.<\/p>\n\n\n\n<p>Segundo informa\u00e7\u00f5es do Grupamento da Pol\u00edcia Militar de Vera Mendes, a dupla chegou em uma resid\u00eancia da localidade em uma motocicleta Bros, de cor vermelha, dizendo que tinha uma mercadoria para vender.<\/p>\n\n\n\n<p>Ainda de acordo com o GPM, o propriet\u00e1rio da resid\u00eancia foi abordado e amea\u00e7ado pelos criminosos por uma pistola e um rev\u00f3lver, por\u00e9m ele conseguiu fugir do local e um dos indiv\u00edduos ainda efetuou um disparo de arma de fogo.<\/p>\n\n\n\n<p>Em seguida, a dupla adentrou na resid\u00eancia, amea\u00e7ou a esposa da v\u00edtima e roubou uma motocicleta Honda Bros, de cor preta e placa PIX-3038, uma quantia de R$15 mil e um rel\u00f3gio.<\/p>\n\n\n\n<p>A Guarni\u00e7\u00e3o de servi\u00e7o do GPM saiu em dilig\u00eancia e orientou a v\u00edtima a registrar Boletim de Ocorr\u00eancia em Picos.<\/p>\n\n\n\n<p><strong>Fonte: Riach\u00e3o Net<\/strong><\/p>\n","protected":false},"excerpt":{"rendered":"<p>Dois homens armados fizeram um arrast\u00e3o em uma resid\u00eancia na localidade Olho D\u2019\u00e1gua Velho, zona rural de Vera Mendes. O crime ocorreu na madrugada desta sexta-feira (8), por volta das 5h30. Segundo informa\u00e7\u00f5es do Grupamento da Pol\u00edcia Militar de Vera Mendes, a dupla chegou em uma resid\u00eancia da localidade em uma motocicleta Bros, de cor [&hellip;]<\/p>\n","protected":false},"author":1,"featured_media":36450,"comment_status":"open","ping_status":"open","sticky":false,"template":"","format":"standard","meta":{"beyondwords_generate_audio":"","beyondwords_project_id":"","beyondwords_podcast_id":"","beyondwords_hash":"","beyondwords_error_message":"","beyondwords_disabled":"","publish_post_to_speechkit":"","speechkit_generate_audio":"","speechkit_project_id":"","speechkit_podcast_id":"","speechkit_hash":"","speechkit_error_message":"","speechkit_disabled":"","speechkit_access_key":"","speechkit_error":"","speechkit_info":"","speechkit_response":"","speechkit_retries":"","_speechkit_link":"","_speechkit_text":""},"categories":[51,78],"tags":[180,5929,44,1609,154,945,109,179,91,324,156,93,8281,97],"jetpack_featured_media_url":"","_links":{"self":[{"href":"https:\/\/pinews.com.br\/index.php\/wp-json\/wp\/v2\/posts\/36449"}],"collection":[{"href":"https:\/\/pinews.com.br\/index.php\/wp-json\/wp\/v2\/posts"}],"about":[{"href":"https:\/\/pinews.com.br\/index.php\/wp-json\/wp\/v2\/types\/post"}],"author":[{"embeddable":true,"href":"https:\/\/pinews.com.br\/index.php\/wp-json\/wp\/v2\/users\/1"}],"replies":[{"embeddable":true,"href":"https:\/\/pinews.com.br\/index.php\/wp-json\/wp\/v2\/comments?post=36449"}],"version-history":[{"count":0,"href":"https:\/\/pinews.com.br\/index.php\/wp-json\/wp\/v2\/posts\/36449\/revisions"}],"wp:featuredmedia":[{"embeddable":true,"href":"https:\/\/pinews.com.br\/index.php\/wp-json\/"}],"wp:attachment":[{"href":"https:\/\/pinews.com.br\/index.php\/wp-json\/wp\/v2\/media?parent=36449"}],"wp:term":[{"taxonomy":"category","embeddable":true,"href":"https:\/\/pinews.com.br\/index.php\/wp-json\/wp\/v2\/categories?post=36449"},{"taxonomy":"post_tag","embeddable":true,"href":"https:\/\/pinews.com.br\/index.php\/wp-json\/wp\/v2\/tags?post=36449"}],"curies":[{"name":"wp","href":"https:\/\/api.w.org\/{rel}","templated":true}]}}