{"id":36455,"date":"2022-07-08T21:14:32","date_gmt":"2022-07-09T00:14:32","guid":{"rendered":"https:\/\/pinews.com.br\/?p=36455"},"modified":"2022-07-08T21:14:32","modified_gmt":"2022-07-09T00:14:32","slug":"projeto-fixa-piso-de-r-35-mil-para-profissionais-de-administracao-no-piaui","status":"publish","type":"post","link":"https:\/\/pinews.com.br\/index.php\/2022\/07\/08\/projeto-fixa-piso-de-r-35-mil-para-profissionais-de-administracao-no-piaui\/","title":{"rendered":"Projeto fixa piso de R$ 3,5 mil para profissionais de Administra\u00e7\u00e3o no Piau\u00ed"},"content":{"rendered":"\n<p>A governadora Regina Sousa (PT) encaminhou para a Assembleia Legislativa do Piau\u00ed (Alepi) projeto de lei que institui o piso salarial para Administradores, Tecn\u00f3logos em Administra\u00e7\u00e3o e T\u00e9cnicos em Administra\u00e7\u00e3o.<\/p>\n\n\n\n<p>Inicialmente a proposta havia sido encaminhada para a Alepi em outubro de 2021 pelo ent\u00e3o governador Wellington Dias (PT), mas foi retirada de pauta e devolvida ao poder Executivo, onde ocorreu uma amplia\u00e7\u00e3o das medidas para os profisisonais Tecn\u00f3logos em Administra\u00e7\u00e3o e T\u00e9cnicos em Administra\u00e7\u00e3o.<\/p>\n\n\n\n<p>Agora ela retorna para a Assembleia e foi apresentada com base no Indicativo de Projeto de Lei que havia sido apresentado pelo deputado F\u00e1bio Novo (PT).<\/p>\n\n\n\n<p>A proposta fixa o piso em R$ 3.500 mensais, com jornada de at\u00e9 8h di\u00e1rias ou 40h semanais para administradores e Tecn\u00f3logos em Administra\u00e7\u00e3o. J\u00e1 para os T\u00e9cnicos em Administra\u00e7\u00e3o o piso \u00e9 de R$ 1.750 mil mensais com jornada de at\u00e9 8h di\u00e1rias ou 40h semanais.<\/p>\n\n\n\n<p>Os valores s\u00e3o apenas para os que est\u00e3o devidamente inscritos nos Conselhos Regionais de Administra\u00e7\u00e3o. A proposta n\u00e3o se aplica \u00e0s microempresas e \u00e0s empresas de pequeno porte.<\/p>\n\n\n\n<p>Esse valor deve ser reajustado anualmente, com base na varia\u00e7\u00e3o acumulada do \u00cdndice de Pre\u00e7os ao Consumidor (INPC).<\/p>\n\n\n\n<p><a href=\"https:\/\/sapl.al.pi.leg.br\/media\/sapl\/public\/materialegislativa\/2022\/17564\/doc01778020220706061326.pdf\"><strong>Veja aqui a proposta<\/strong><\/a><\/p>\n\n\n\n<p><strong>Fonte: B\u00e1rbara Rodrigues\/ Cidade Verde <\/strong><\/p>\n","protected":false},"excerpt":{"rendered":"<p>A governadora Regina Sousa (PT) encaminhou para a Assembleia Legislativa do Piau\u00ed (Alepi) projeto de lei que institui o piso salarial para Administradores, Tecn\u00f3logos em Administra\u00e7\u00e3o e T\u00e9cnicos em Administra\u00e7\u00e3o. Inicialmente a proposta havia sido encaminhada para a Alepi em outubro de 2021 pelo ent\u00e3o governador Wellington Dias (PT), mas foi retirada de pauta e [&hellip;]<\/p>\n","protected":false},"author":1,"featured_media":36456,"comment_status":"open","ping_status":"open","sticky":false,"template":"","format":"standard","meta":{"beyondwords_generate_audio":"","beyondwords_project_id":"","beyondwords_podcast_id":"","beyondwords_hash":"","beyondwords_error_message":"","beyondwords_disabled":"","publish_post_to_speechkit":"","speechkit_generate_audio":"","speechkit_project_id":"","speechkit_podcast_id":"","speechkit_hash":"","speechkit_error_message":"","speechkit_disabled":"","speechkit_access_key":"","speechkit_error":"","speechkit_info":"","speechkit_response":"","speechkit_retries":"","_speechkit_link":"","_speechkit_text":""},"categories":[51],"tags":[6793,8959,44,10520,109,350,52,8673,6733,1030],"jetpack_featured_media_url":"","_links":{"self":[{"href":"https:\/\/pinews.com.br\/index.php\/wp-json\/wp\/v2\/posts\/36455"}],"collection":[{"href":"https:\/\/pinews.com.br\/index.php\/wp-json\/wp\/v2\/posts"}],"about":[{"href":"https:\/\/pinews.com.br\/index.php\/wp-json\/wp\/v2\/types\/post"}],"author":[{"embeddable":true,"href":"https:\/\/pinews.com.br\/index.php\/wp-json\/wp\/v2\/users\/1"}],"replies":[{"embeddable":true,"href":"https:\/\/pinews.com.br\/index.php\/wp-json\/wp\/v2\/comments?post=36455"}],"version-history":[{"count":0,"href":"https:\/\/pinews.com.br\/index.php\/wp-json\/wp\/v2\/posts\/36455\/revisions"}],"wp:featuredmedia":[{"embeddable":true,"href":"https:\/\/pinews.com.br\/index.php\/wp-json\/"}],"wp:attachment":[{"href":"https:\/\/pinews.com.br\/index.php\/wp-json\/wp\/v2\/media?parent=36455"}],"wp:term":[{"taxonomy":"category","embeddable":true,"href":"https:\/\/pinews.com.br\/index.php\/wp-json\/wp\/v2\/categories?post=36455"},{"taxonomy":"post_tag","embeddable":true,"href":"https:\/\/pinews.com.br\/index.php\/wp-json\/wp\/v2\/tags?post=36455"}],"curies":[{"name":"wp","href":"https:\/\/api.w.org\/{rel}","templated":true}]}}