{"id":36467,"date":"2022-07-09T11:42:21","date_gmt":"2022-07-09T14:42:21","guid":{"rendered":"https:\/\/pinews.com.br\/?p=36467"},"modified":"2022-07-09T11:42:21","modified_gmt":"2022-07-09T14:42:21","slug":"vale-gas-pagamentos-serao-retomados-em-agosto-veja-calendario","status":"publish","type":"post","link":"https:\/\/pinews.com.br\/index.php\/2022\/07\/09\/vale-gas-pagamentos-serao-retomados-em-agosto-veja-calendario\/","title":{"rendered":"Vale-g\u00e1s: pagamentos ser\u00e3o retomados em agosto; veja calend\u00e1rio"},"content":{"rendered":"\n<p>Em julho, os benefici\u00e1rios do Aux\u00edlio G\u00e1s n\u00e3o receberam parcelas com os valores. Por\u00e9m, como o benef\u00edcio \u00e9 bimestral, o pagamento ser\u00e1 retomado em agosto.<\/p>\n\n\n\n<p>Neste ano, os pagamentos s\u00e3o feitos nos meses pares, junto com as parcelas do Aux\u00edlio Brasil \u2013 que se baseiam no final de n\u00famero de inscri\u00e7\u00e3o social (NIS).<\/p>\n\n\n\n<p>\u00c9 poss\u00edvel consultar a situa\u00e7\u00e3o do benef\u00edcio pelo aplicativo Aux\u00edlio Brasil, aplicativo Caixa Tem e Atendimento Caixa, pelo telefone 111. Em caso de d\u00favidas o benefici\u00e1rio pode entrar em contato com o Minist\u00e9rio da Cidadania pelo telefone 121.<\/p>\n\n\n\n<p>Confira, abaixo, o calend\u00e1rio de pagamentos de agosto, de acordo com o n\u00famero final do NIS:<\/p>\n\n\n\n<p>Aux\u00edlio G\u00e1s<\/p>\n\n\n\n<figure class=\"wp-block-table\"><table><tbody><tr><td>NIS final<\/td><td>Data<\/td><\/tr><tr><td>1<\/td><td>18\/8<\/td><\/tr><tr><td>2<\/td><td>19\/8<\/td><\/tr><tr><td>3<\/td><td>22\/8<\/td><\/tr><tr><td>4<\/td><td>23\/8<\/td><\/tr><tr><td>5<\/td><td>24\/8<\/td><\/tr><tr><td>6<\/td><td>25\/8<\/td><\/tr><tr><td>7<\/td><td>26\/8<\/td><\/tr><tr><td>8<\/td><td>29\/8<\/td><\/tr><tr><td>9<\/td><td>30\/8<\/td><\/tr><tr><td>0<\/td><td>31\/8<\/td><\/tr><\/tbody><\/table><figcaption>Fonte: Minist\u00e9rio da Cidadania<\/figcaption><\/figure>\n\n\n\n<p>O valor pago corresponde a 50% da m\u00e9dia dos \u00faltimos seis meses do pre\u00e7o do botij\u00e3o de 13 kg de g\u00e1s liquefeito de petr\u00f3leo (GLP). O aumento da parcela do Aux\u00edlio G\u00e1s para o valor de um botij\u00e3o inteiro \u00e9 uma das medidas previstas pela Proposta de Emenda \u00e0 Constitui\u00e7\u00e3o, apelidada de PEC Kamikaze, que concede uma s\u00e9rie de benef\u00edcios sociais \u00e0s v\u00e9speras das elei\u00e7\u00f5es e somente para este ano, ao mesmo tempo em que coloca em risco as contas p\u00fablicas nacionais.<\/p>\n\n\n\n<p>Em junho, o valor foi de R$ 53, que equivale a menos da metade do valor m\u00e9dio do botij\u00e3o em 23 estados e no DF, de acordo com levantamento feito pelo <strong>g1<\/strong>. No m\u00eas, 5,68 milh\u00f5es de fam\u00edlias receberam o benef\u00edcio, totalizando um repasse de R$ 301,2 milh\u00f5es. Em abril, o valor do benef\u00edcio foi de R$ 51.<\/p>\n\n\n\n<p>Na divis\u00e3o por regi\u00f5es, a Nordeste \u00e9 a que mais ter\u00e1 benefici\u00e1rios do Aux\u00edlio G\u00e1s em junho de 2022. S\u00e3o 2,7 milh\u00f5es de fam\u00edlias, a partir de um repasse de R$ 146 milh\u00f5es. Na sequ\u00eancia aparecem as regi\u00f5es Sudeste (1,8 milh\u00e3o de contemplados), Norte (545 mil), Sul (356 mil) e Centro-Oeste (178 mil).<\/p>\n\n\n\n<p>O benef\u00edcio foi sancionado pelo presidente Jair Bolsonaro em novembro do ano passado para ajudar fam\u00edlias de baixa renda a comprar o botij\u00e3o de g\u00e1s de 13 kg.<\/p>\n\n\n\n<h2>Quem tem direito<\/h2>\n\n\n\n<ul><li>Fam\u00edlias inscritas no Cadastro \u00danico para Programas Sociais do governo federal (Cad\u00danico), com renda familiar mensal per capita menor ou igual a meio sal\u00e1rio m\u00ednimo nacional (R$ 606). <a href=\"https:\/\/g1.globo.com\/economia\/noticia\/2021\/10\/21\/auxilio-brasil-vai-atender-brasileiros-no-cadastro-unico-saiba-como-se-inscrever.ghtml\">Clique aqui e veja como se inscrever no Cad\u00danico<\/a>;<\/li><li>Fam\u00edlias que tenham entre seus membros residentes no mesmo domic\u00edlio quem receba o Benef\u00edcio de Presta\u00e7\u00e3o Continuada da assist\u00eancia social, o BPC, que prev\u00ea um sal\u00e1rio m\u00ednimo mensal (R$ 1.212) \u00e0 pessoa com defici\u00eancia e ao idoso com 65 anos ou mais que comprovem n\u00e3o possuir meios de prover a pr\u00f3pria manuten\u00e7\u00e3o nem a fam\u00edlia;<\/li><li>A lei estabelece que o aux\u00edlio ser\u00e1 concedido &#8220;preferencialmente \u00e0s fam\u00edlias com mulheres v\u00edtimas de viol\u00eancia dom\u00e9stica que estejam sob o monitoramento de medidas protetivas de urg\u00eancia&#8221;.<\/li><\/ul>\n\n\n\n<h2>Qual o valor?<\/h2>\n\n\n\n<p>Os benefici\u00e1rios recebem, a cada dois meses, o valor correspondente a pelo menos 50% do pre\u00e7o m\u00e9dio nacional de revenda do botij\u00e3o de 13 kg.<\/p>\n\n\n\n<p>Para averigua\u00e7\u00e3o do valor do benef\u00edcio, a Ag\u00eancia Nacional do Petr\u00f3leo, G\u00e1s Natural e Biocombust\u00edveis (ANP) publica em seu site mensalmente, at\u00e9 o d\u00e9cimo dia \u00fatil do m\u00eas, o valor da m\u00e9dia dos seis meses anteriores referentes ao pre\u00e7o nacional do botij\u00e3o de 13kg de GLP.<\/p>\n\n\n\n<p>O programa tem dura\u00e7\u00e3o de 5 anos. Assim, como o pagamento ser\u00e1 a cada dois meses, a previs\u00e3o \u00e9 de que sejam pagas 30 parcelas.<\/p>\n\n\n\n<h2>Como \u00e9 feito o pagamento<\/h2>\n\n\n\n<p>O pagamento \u00e9 feito dentro do mesmo cronograma do Aux\u00edlio Brasil, levando em conta o \u00faltimo d\u00edgito do N\u00famero de Identifica\u00e7\u00e3o Social (NIS).<\/p>\n\n\n\n<p>Os cart\u00f5es e senhas utilizados para o saque do Aux\u00edlio Brasil podem ser utilizados para o recebimento do vale-g\u00e1s.<\/p>\n\n\n\n<p>O saque pode ser feito nas lot\u00e9ricas, correspondentes Caixa Aqui e terminais de autoatendimento. O benef\u00edcio pode ainda ser pago em poupan\u00e7a social digital do Caixa Tem.<\/p>\n\n\n\n<p>A validade da parcela do benef\u00edcio do Programa Aux\u00edlio G\u00e1s \u00e9 de 120 dias, contados da data em que for disponibilizado o benef\u00edcio na op\u00e7\u00e3o de pagamento.<\/p>\n\n\n\n<p><strong>Fonte: G1 <\/strong><\/p>\n","protected":false},"excerpt":{"rendered":"<p>Em julho, os benefici\u00e1rios do Aux\u00edlio G\u00e1s n\u00e3o receberam parcelas com os valores. Por\u00e9m, como o benef\u00edcio \u00e9 bimestral, o pagamento ser\u00e1 retomado em agosto. Neste ano, os pagamentos s\u00e3o feitos nos meses pares, junto com as parcelas do Aux\u00edlio Brasil \u2013 que se baseiam no final de n\u00famero de inscri\u00e7\u00e3o social (NIS). \u00c9 poss\u00edvel [&hellip;]<\/p>\n","protected":false},"author":1,"featured_media":36468,"comment_status":"open","ping_status":"open","sticky":false,"template":"","format":"standard","meta":{"beyondwords_generate_audio":"","beyondwords_project_id":"","beyondwords_podcast_id":"","beyondwords_hash":"","beyondwords_error_message":"","beyondwords_disabled":"","publish_post_to_speechkit":"","speechkit_generate_audio":"","speechkit_project_id":"","speechkit_podcast_id":"","speechkit_hash":"","speechkit_error_message":"","speechkit_disabled":"","speechkit_access_key":"","speechkit_error":"","speechkit_info":"","speechkit_response":"","speechkit_retries":"","_speechkit_link":"","_speechkit_text":""},"categories":[134],"tags":[3999,2892,46,3400,10521,835,9480,425],"jetpack_featured_media_url":"","_links":{"self":[{"href":"https:\/\/pinews.com.br\/index.php\/wp-json\/wp\/v2\/posts\/36467"}],"collection":[{"href":"https:\/\/pinews.com.br\/index.php\/wp-json\/wp\/v2\/posts"}],"about":[{"href":"https:\/\/pinews.com.br\/index.php\/wp-json\/wp\/v2\/types\/post"}],"author":[{"embeddable":true,"href":"https:\/\/pinews.com.br\/index.php\/wp-json\/wp\/v2\/users\/1"}],"replies":[{"embeddable":true,"href":"https:\/\/pinews.com.br\/index.php\/wp-json\/wp\/v2\/comments?post=36467"}],"version-history":[{"count":0,"href":"https:\/\/pinews.com.br\/index.php\/wp-json\/wp\/v2\/posts\/36467\/revisions"}],"wp:featuredmedia":[{"embeddable":true,"href":"https:\/\/pinews.com.br\/index.php\/wp-json\/"}],"wp:attachment":[{"href":"https:\/\/pinews.com.br\/index.php\/wp-json\/wp\/v2\/media?parent=36467"}],"wp:term":[{"taxonomy":"category","embeddable":true,"href":"https:\/\/pinews.com.br\/index.php\/wp-json\/wp\/v2\/categories?post=36467"},{"taxonomy":"post_tag","embeddable":true,"href":"https:\/\/pinews.com.br\/index.php\/wp-json\/wp\/v2\/tags?post=36467"}],"curies":[{"name":"wp","href":"https:\/\/api.w.org\/{rel}","templated":true}]}}