{"id":36525,"date":"2022-07-11T11:27:48","date_gmt":"2022-07-11T14:27:48","guid":{"rendered":"https:\/\/pinews.com.br\/?p=36525"},"modified":"2022-07-11T11:27:48","modified_gmt":"2022-07-11T14:27:48","slug":"tio-sofre-acidente-e-morre-a-caminho-de-velorio-de-sobrinha-no-piaui","status":"publish","type":"post","link":"https:\/\/pinews.com.br\/index.php\/2022\/07\/11\/tio-sofre-acidente-e-morre-a-caminho-de-velorio-de-sobrinha-no-piaui\/","title":{"rendered":"Tio sofre acidente e morre a caminho de vel\u00f3rio de sobrinha no Piau\u00ed"},"content":{"rendered":"\n<p>Mais uma trag\u00e9dia no Sul do estado. Duas pessoas da mesma fam\u00edlia morreram no final de semana. A funcion\u00e1ria p\u00fablica, Arelc Santos Alves, de 33 anos, estava se deslocando de Avelino Lopes para Curimat\u00e1 quando o ve\u00edculo perdeu o controle e capotou. Ela morreu na hora. Ao saber do acidente, o tio estava a caminho do vel\u00f3rio da sobrinha e na estrada outro acidente fatal.<\/p>\n\n\n\n<p>O portal conversou com um parente da v\u00edtima. Ele contou que Arelc Alves estava indo de Avelino para Curimat\u00e1 (a 775 km de Teresina), no s\u00e1bado, quando perdeu o controle do ve\u00edculo. Desgovernado, o carro bateu em um \u00f4nibus que transportava fi\u00e9is para um culto. Na colis\u00e3o, Arelc, que \u00e9 funcion\u00e1ria da Secretaria de Administra\u00e7\u00e3o de Teresina, morreu. O acidente foi a PI-255 por volta das 18h de s\u00e1bado.<\/p>\n\n\n\n<figure class=\"wp-block-image\"><img decoding=\"async\" src=\"https:\/\/cidadeverde.com\/assets\/uploads\/noticias\/1057d61fd88adf697a798f9b5633f180.jpg\" alt=\"\"\/><figcaption><em>Arelc&nbsp; Alves, de 33 anos, funcion\u00e1ria da Secretaria de Administra\u00e7\u00e3o de Teresina<\/em><\/figcaption><\/figure>\n\n\n\n<p>O tio, que mora em Petrolina (PE), soube do acidente e junto com a fam\u00edlia \u2013 cinco pessoas \u2013 estava se deslocando para acompanhar o vel\u00f3rio e sofreu outro acidente e morreu. A esposa dele ficou ferida e foi levada para hospital de Remanso, na Bahia.<\/p>\n\n\n\n<p>O acidente com o tio ocorreu entre as cidades de Remanso e Campo Alegre de Lurdes. Os ocupantes do carro \u2013 filhos e parentes \u2013 tiveram escoria\u00e7\u00f5es pelo corpo.&nbsp;<\/p>\n\n\n\n<p>O primo das v\u00edtimas informou ao portal Cidadeverde.com que a fam\u00edlia est\u00e1 destru\u00edda. A cidade de Avelino Lopes est\u00e1 em como\u00e7\u00e3o. A funcion\u00e1ria p\u00fablica foi sepultada ontem em Avelino Lopes ( a 819 km de Teresina) e o tio ser\u00e1 enterrado hoje.<\/p>\n\n\n\n<p><strong>Acidente em Floriano<\/strong><\/p>\n\n\n\n<p>O final de semana foi de luto e como\u00e7\u00e3o no Sul do estado.&nbsp;Um acidente entre dois carros deixou 8 pessoas mortas entre Floriano e Itaueira no s\u00e1bado (9). A trag\u00e9dia aconteceu por volta das 22h30, na localidade Alecrim.&nbsp;<\/p>\n\n\n\n<p><strong>Fonte: Cidade Verde<\/strong><\/p>\n","protected":false},"excerpt":{"rendered":"<p>Mais uma trag\u00e9dia no Sul do estado. Duas pessoas da mesma fam\u00edlia morreram no final de semana. A funcion\u00e1ria p\u00fablica, Arelc Santos Alves, de 33 anos, estava se deslocando de Avelino Lopes para Curimat\u00e1 quando o ve\u00edculo perdeu o controle e capotou. Ela morreu na hora. Ao saber do acidente, o tio estava a caminho [&hellip;]<\/p>\n","protected":false},"author":1,"featured_media":36526,"comment_status":"open","ping_status":"open","sticky":false,"template":"","format":"standard","meta":{"beyondwords_generate_audio":"","beyondwords_project_id":"","beyondwords_podcast_id":"","beyondwords_hash":"","beyondwords_error_message":"","beyondwords_disabled":"","publish_post_to_speechkit":"","speechkit_generate_audio":"","speechkit_project_id":"","speechkit_podcast_id":"","speechkit_hash":"","speechkit_error_message":"","speechkit_disabled":"","speechkit_access_key":"","speechkit_error":"","speechkit_info":"","speechkit_response":"","speechkit_retries":"","_speechkit_link":"","_speechkit_text":""},"categories":[51],"tags":[176,6340,44,119,52,9736,405,1359,688],"jetpack_featured_media_url":"","_links":{"self":[{"href":"https:\/\/pinews.com.br\/index.php\/wp-json\/wp\/v2\/posts\/36525"}],"collection":[{"href":"https:\/\/pinews.com.br\/index.php\/wp-json\/wp\/v2\/posts"}],"about":[{"href":"https:\/\/pinews.com.br\/index.php\/wp-json\/wp\/v2\/types\/post"}],"author":[{"embeddable":true,"href":"https:\/\/pinews.com.br\/index.php\/wp-json\/wp\/v2\/users\/1"}],"replies":[{"embeddable":true,"href":"https:\/\/pinews.com.br\/index.php\/wp-json\/wp\/v2\/comments?post=36525"}],"version-history":[{"count":0,"href":"https:\/\/pinews.com.br\/index.php\/wp-json\/wp\/v2\/posts\/36525\/revisions"}],"wp:featuredmedia":[{"embeddable":true,"href":"https:\/\/pinews.com.br\/index.php\/wp-json\/"}],"wp:attachment":[{"href":"https:\/\/pinews.com.br\/index.php\/wp-json\/wp\/v2\/media?parent=36525"}],"wp:term":[{"taxonomy":"category","embeddable":true,"href":"https:\/\/pinews.com.br\/index.php\/wp-json\/wp\/v2\/categories?post=36525"},{"taxonomy":"post_tag","embeddable":true,"href":"https:\/\/pinews.com.br\/index.php\/wp-json\/wp\/v2\/tags?post=36525"}],"curies":[{"name":"wp","href":"https:\/\/api.w.org\/{rel}","templated":true}]}}