{"id":36554,"date":"2022-07-11T20:58:35","date_gmt":"2022-07-11T23:58:35","guid":{"rendered":"https:\/\/pinews.com.br\/?p=36554"},"modified":"2022-07-11T20:58:35","modified_gmt":"2022-07-11T23:58:35","slug":"pio-ix-de-luto-menina-de-1-ano-e-3-meses-morre-e-comove-todo-o-municipio","status":"publish","type":"post","link":"https:\/\/pinews.com.br\/index.php\/2022\/07\/11\/pio-ix-de-luto-menina-de-1-ano-e-3-meses-morre-e-comove-todo-o-municipio\/","title":{"rendered":"Pio IX de luto: menina de 1 ano e 3 meses morre e comove todo o munic\u00edpio"},"content":{"rendered":"\n<p>O munic\u00edpio de Pio IX est\u00e1 profundamente enlutado devido a tr\u00e1gica morte da pequena Hana Acsa, de apenas 1 ano e 3 meses de idade.<\/p>\n\n\n\n<p>De acordo com informa\u00e7\u00f5es repassadas ao Portal \u00c9 Not\u00edcias, a menina morreu por volta das 14h desta segunda, 11 de julho, na cidade de Araripina\/PE, onde estava internada numa UTI Neonatal.<\/p>\n\n\n\n<p>Informa\u00e7\u00f5es d\u00e3o conta que ela sofria de problemas card\u00edacos e teria passado mal durante um culto ocorrido em Marcol\u00e2ndia no final de semana.<\/p>\n\n\n\n<p>Ela foi socorrida \u00e0s pressas e encaminhada para a vizinha cidade de Araripina, mas n\u00e3o resistiu e veio a \u00f3bito.<\/p>\n\n\n\n<p>Sua tr\u00e1gica morte comoveu todo o munic\u00edpio de Pio IX.<\/p>\n\n\n\n<p>Em raz\u00e3o do falecimento de Hana Acsa, a escola Anita Teles emitiu uma nova de pesar.<\/p>\n\n\n\n<figure class=\"wp-block-image\" id=\"attachment_112054\"><img decoding=\"async\" src=\"https:\/\/i0.wp.com\/www.portalenoticias.com.br\/wp-content\/uploads\/2022\/07\/NOTA-DE-PESAR-724x1024-1.jpeg?fit=724%2C1024&amp;ssl=1\" alt=\"\" class=\"wp-image-112054\"\/><figcaption>Escola Anita Teles emitiu uma nova de pesar.<\/figcaption><\/figure>\n\n\n\n<p><strong>Fonte: Portal \u00c9 Not\u00edcias <\/strong><\/p>\n","protected":false},"excerpt":{"rendered":"<p>O munic\u00edpio de Pio IX est\u00e1 profundamente enlutado devido a tr\u00e1gica morte da pequena Hana Acsa, de apenas 1 ano e 3 meses de idade. De acordo com informa\u00e7\u00f5es repassadas ao Portal \u00c9 Not\u00edcias, a menina morreu por volta das 14h desta segunda, 11 de julho, na cidade de Araripina\/PE, onde estava internada numa UTI [&hellip;]<\/p>\n","protected":false},"author":1,"featured_media":36555,"comment_status":"open","ping_status":"open","sticky":false,"template":"","format":"standard","meta":{"beyondwords_generate_audio":"","beyondwords_project_id":"","beyondwords_podcast_id":"","beyondwords_hash":"","beyondwords_error_message":"","beyondwords_disabled":"","publish_post_to_speechkit":"","speechkit_generate_audio":"","speechkit_project_id":"","speechkit_podcast_id":"","speechkit_hash":"","speechkit_error_message":"","speechkit_disabled":"","speechkit_access_key":"","speechkit_error":"","speechkit_info":"","speechkit_response":"","speechkit_retries":"","_speechkit_link":"","_speechkit_text":""},"categories":[51,308],"tags":[602,524,44,303,185,1207,118,119,50,307,1022],"jetpack_featured_media_url":"","_links":{"self":[{"href":"https:\/\/pinews.com.br\/index.php\/wp-json\/wp\/v2\/posts\/36554"}],"collection":[{"href":"https:\/\/pinews.com.br\/index.php\/wp-json\/wp\/v2\/posts"}],"about":[{"href":"https:\/\/pinews.com.br\/index.php\/wp-json\/wp\/v2\/types\/post"}],"author":[{"embeddable":true,"href":"https:\/\/pinews.com.br\/index.php\/wp-json\/wp\/v2\/users\/1"}],"replies":[{"embeddable":true,"href":"https:\/\/pinews.com.br\/index.php\/wp-json\/wp\/v2\/comments?post=36554"}],"version-history":[{"count":0,"href":"https:\/\/pinews.com.br\/index.php\/wp-json\/wp\/v2\/posts\/36554\/revisions"}],"wp:featuredmedia":[{"embeddable":true,"href":"https:\/\/pinews.com.br\/index.php\/wp-json\/"}],"wp:attachment":[{"href":"https:\/\/pinews.com.br\/index.php\/wp-json\/wp\/v2\/media?parent=36554"}],"wp:term":[{"taxonomy":"category","embeddable":true,"href":"https:\/\/pinews.com.br\/index.php\/wp-json\/wp\/v2\/categories?post=36554"},{"taxonomy":"post_tag","embeddable":true,"href":"https:\/\/pinews.com.br\/index.php\/wp-json\/wp\/v2\/tags?post=36554"}],"curies":[{"name":"wp","href":"https:\/\/api.w.org\/{rel}","templated":true}]}}