{"id":36618,"date":"2022-07-13T20:36:39","date_gmt":"2022-07-13T23:36:39","guid":{"rendered":"https:\/\/pinews.com.br\/?p=36618"},"modified":"2022-07-13T20:36:39","modified_gmt":"2022-07-13T23:36:39","slug":"familia-procura-por-homem-que-esta-desaparecido-ha-3-meses-em-municipio-do-piaui","status":"publish","type":"post","link":"https:\/\/pinews.com.br\/index.php\/2022\/07\/13\/familia-procura-por-homem-que-esta-desaparecido-ha-3-meses-em-municipio-do-piaui\/","title":{"rendered":"Fam\u00edlia procura por homem que est\u00e1 desaparecido h\u00e1 3 meses em munic\u00edpio do Piau\u00ed"},"content":{"rendered":"\n<p>A fam\u00edlia de Edvaldo Jos\u00e9 Dias, mais conhecido como Bumba, est\u00e1 h\u00e1 3 meses procurando pelo idoso que desapareceu no dia 7 de abril no munic\u00edpio de Bom Jesus, a 605 km de Teresina, e desde ent\u00e3o nunca mais foi achado.<\/p>\n\n\n\n<p>Maria Jos\u00e9 Concei\u00e7\u00e3o de Lima, que \u00e9 uma amiga da fam\u00edlia, afirmou que ele nasceu em Bom Jesus, mas h\u00e1 muitos anos foi morar no estado de Goi\u00e1s. Em abril deste ano, ele voltou ao Piau\u00ed para poder visitar a sua m\u00e3e.<\/p>\n\n\n\n<p>\u201cEle saiu daqui novo e foi morar em Goi\u00e1s. Agora em 2022 ele veio fazer um passeio aqui para visitar a m\u00e3e dele, a dona Vitalina. Na estrada ele passou mal, ent\u00e3o quando chegou em Bom Jesus foi para o hospital, se consultou e quando saiu de l\u00e1, a m\u00e3e dele foi na frente para casa e ele ficou na rua, foi passear, e nessa sa\u00edda nunca mais voltou, desapareceu\u201d, informou Maria.<\/p>\n\n\n\n<p>Ela explicou que a fam\u00edlia j\u00e1 fez o poss\u00edvel para tentar encontrar Edvaldo Jos\u00e9, a pol\u00edcia j\u00e1 foi informada, mas at\u00e9 agora n\u00e3o receberam qualquer informa\u00e7\u00e3o.<\/p>\n\n\n\n<p>Quem tiver alguma informa\u00e7\u00e3o pode ligar para (11) 94864-2006 e (89) 99917-0211.<\/p>\n\n\n\n<figure class=\"wp-block-image\"><img decoding=\"async\" src=\"https:\/\/cidadeverde.com\/assets\/uploads\/noticias\/c7c07987fadb158e09b759caf4458d39.jpg\" alt=\"\"\/><figcaption><em>Foto: Arquivo Pessoal<\/em><\/figcaption><\/figure>\n\n\n\n<p><strong>Fonte: B\u00e1rbara Rodrigues\/ Cidade Verde <\/strong><\/p>\n","protected":false},"excerpt":{"rendered":"<p>A fam\u00edlia de Edvaldo Jos\u00e9 Dias, mais conhecido como Bumba, est\u00e1 h\u00e1 3 meses procurando pelo idoso que desapareceu no dia 7 de abril no munic\u00edpio de Bom Jesus, a 605 km de Teresina, e desde ent\u00e3o nunca mais foi achado. Maria Jos\u00e9 Concei\u00e7\u00e3o de Lima, que \u00e9 uma amiga da fam\u00edlia, afirmou que ele [&hellip;]<\/p>\n","protected":false},"author":1,"featured_media":36619,"comment_status":"open","ping_status":"open","sticky":false,"template":"","format":"standard","meta":{"beyondwords_generate_audio":"","beyondwords_project_id":"","beyondwords_podcast_id":"","beyondwords_hash":"","beyondwords_error_message":"","beyondwords_disabled":"","publish_post_to_speechkit":"","speechkit_generate_audio":"","speechkit_project_id":"","speechkit_podcast_id":"","speechkit_hash":"","speechkit_error_message":"","speechkit_disabled":"","speechkit_access_key":"","speechkit_error":"","speechkit_info":"","speechkit_response":"","speechkit_retries":"","_speechkit_link":"","_speechkit_text":""},"categories":[51],"tags":[199,46,5717,244,603,84,118,50,52,59,654],"jetpack_featured_media_url":"","_links":{"self":[{"href":"https:\/\/pinews.com.br\/index.php\/wp-json\/wp\/v2\/posts\/36618"}],"collection":[{"href":"https:\/\/pinews.com.br\/index.php\/wp-json\/wp\/v2\/posts"}],"about":[{"href":"https:\/\/pinews.com.br\/index.php\/wp-json\/wp\/v2\/types\/post"}],"author":[{"embeddable":true,"href":"https:\/\/pinews.com.br\/index.php\/wp-json\/wp\/v2\/users\/1"}],"replies":[{"embeddable":true,"href":"https:\/\/pinews.com.br\/index.php\/wp-json\/wp\/v2\/comments?post=36618"}],"version-history":[{"count":0,"href":"https:\/\/pinews.com.br\/index.php\/wp-json\/wp\/v2\/posts\/36618\/revisions"}],"wp:featuredmedia":[{"embeddable":true,"href":"https:\/\/pinews.com.br\/index.php\/wp-json\/"}],"wp:attachment":[{"href":"https:\/\/pinews.com.br\/index.php\/wp-json\/wp\/v2\/media?parent=36618"}],"wp:term":[{"taxonomy":"category","embeddable":true,"href":"https:\/\/pinews.com.br\/index.php\/wp-json\/wp\/v2\/categories?post=36618"},{"taxonomy":"post_tag","embeddable":true,"href":"https:\/\/pinews.com.br\/index.php\/wp-json\/wp\/v2\/tags?post=36618"}],"curies":[{"name":"wp","href":"https:\/\/api.w.org\/{rel}","templated":true}]}}