{"id":36647,"date":"2022-07-14T18:09:30","date_gmt":"2022-07-14T21:09:30","guid":{"rendered":"https:\/\/pinews.com.br\/?p=36647"},"modified":"2022-07-14T18:09:30","modified_gmt":"2022-07-14T21:09:30","slug":"ossada-humana-e-encontrada-em-matagal-no-piaui-3","status":"publish","type":"post","link":"https:\/\/pinews.com.br\/index.php\/2022\/07\/14\/ossada-humana-e-encontrada-em-matagal-no-piaui-3\/","title":{"rendered":"Ossada humana \u00e9 encontrada em matagal no Piau\u00ed"},"content":{"rendered":"\n<p>Uma ossada humana foi encontrada na manh\u00e3 desta quinta-feira (14), por volta das 8h30, em uma \u00e1rea de matagal no Loteamento Mirantes do Leste, no bairro Pedra Mole, zona Leste de Teresina.<\/p>\n\n\n\n<p>Segundo informa\u00e7\u00f5es do comandante do 5\u00ba Batalh\u00e3o da Pol\u00edcia Militar, major Ant\u00f4nio Marcos, a ossada foi encontrada por um popular que fazia o rastreamento de uma motocicleta roubada na regi\u00e3o. &nbsp;<\/p>\n\n\n\n<p>\u201cUm cidad\u00e3o estava fazendo o rastreamento de uma motocicleta roubada quando encontrou a ossada. De imediato ele ligou para o 190 e ap\u00f3s a viatura chegar ao local foi constatado a veracidade do fato\u201d, informou o comandante.<\/p>\n\n\n\n<p>Ainda de acordo com o major Ant\u00f4nio Marcos, no local n\u00e3o foram encontrados documentos e n\u00e3o foi poss\u00edvel identificar a v\u00edtima.<\/p>\n\n\n\n<p>\u201cA guarni\u00e7\u00e3o isolou o local e n\u00e3o deu para identificar o sexo, s\u00f3 a per\u00edcia com exame detalhado vai dizer. Tamb\u00e9m n\u00e3o foram encontrados documentos, somente uma vestimenta\u201d, acrescentou. &nbsp;<\/p>\n\n\n\n<p>Equipes da Pol\u00edcia Civil e Per\u00edcia Criminal tamb\u00e9m foram acionadas e dever\u00e3o investigar o caso e a causa da morte da v\u00edtima.&nbsp;<\/p>\n\n\n\n<p><strong>Fonte: Rebeca Lima\/ Cidade Verde <\/strong><\/p>\n","protected":false},"excerpt":{"rendered":"<p>Uma ossada humana foi encontrada na manh\u00e3 desta quinta-feira (14), por volta das 8h30, em uma \u00e1rea de matagal no Loteamento Mirantes do Leste, no bairro Pedra Mole, zona Leste de Teresina. Segundo informa\u00e7\u00f5es do comandante do 5\u00ba Batalh\u00e3o da Pol\u00edcia Militar, major Ant\u00f4nio Marcos, a ossada foi encontrada por um popular que fazia o [&hellip;]<\/p>\n","protected":false},"author":1,"featured_media":36648,"comment_status":"open","ping_status":"open","sticky":false,"template":"","format":"standard","meta":{"beyondwords_generate_audio":"","beyondwords_project_id":"","beyondwords_podcast_id":"","beyondwords_hash":"","beyondwords_error_message":"","beyondwords_disabled":"","publish_post_to_speechkit":"","speechkit_generate_audio":"","speechkit_project_id":"","speechkit_podcast_id":"","speechkit_hash":"","speechkit_error_message":"","speechkit_disabled":"","speechkit_access_key":"","speechkit_error":"","speechkit_info":"","speechkit_response":"","speechkit_retries":"","_speechkit_link":"","_speechkit_text":""},"categories":[51,78,81],"tags":[72,46,471,604,248,605,52],"jetpack_featured_media_url":"","_links":{"self":[{"href":"https:\/\/pinews.com.br\/index.php\/wp-json\/wp\/v2\/posts\/36647"}],"collection":[{"href":"https:\/\/pinews.com.br\/index.php\/wp-json\/wp\/v2\/posts"}],"about":[{"href":"https:\/\/pinews.com.br\/index.php\/wp-json\/wp\/v2\/types\/post"}],"author":[{"embeddable":true,"href":"https:\/\/pinews.com.br\/index.php\/wp-json\/wp\/v2\/users\/1"}],"replies":[{"embeddable":true,"href":"https:\/\/pinews.com.br\/index.php\/wp-json\/wp\/v2\/comments?post=36647"}],"version-history":[{"count":0,"href":"https:\/\/pinews.com.br\/index.php\/wp-json\/wp\/v2\/posts\/36647\/revisions"}],"wp:featuredmedia":[{"embeddable":true,"href":"https:\/\/pinews.com.br\/index.php\/wp-json\/"}],"wp:attachment":[{"href":"https:\/\/pinews.com.br\/index.php\/wp-json\/wp\/v2\/media?parent=36647"}],"wp:term":[{"taxonomy":"category","embeddable":true,"href":"https:\/\/pinews.com.br\/index.php\/wp-json\/wp\/v2\/categories?post=36647"},{"taxonomy":"post_tag","embeddable":true,"href":"https:\/\/pinews.com.br\/index.php\/wp-json\/wp\/v2\/tags?post=36647"}],"curies":[{"name":"wp","href":"https:\/\/api.w.org\/{rel}","templated":true}]}}