{"id":36675,"date":"2022-07-15T16:52:35","date_gmt":"2022-07-15T19:52:35","guid":{"rendered":"https:\/\/pinews.com.br\/?p=36675"},"modified":"2022-07-15T16:52:35","modified_gmt":"2022-07-15T19:52:35","slug":"feto-de-gato-e-confundido-com-bebe-e-mobiliza-policia-e-iml-no-piaui","status":"publish","type":"post","link":"https:\/\/pinews.com.br\/index.php\/2022\/07\/15\/feto-de-gato-e-confundido-com-bebe-e-mobiliza-policia-e-iml-no-piaui\/","title":{"rendered":"Feto de gato \u00e9 confundido com beb\u00ea e mobiliza pol\u00edcia e IML no Piau\u00ed"},"content":{"rendered":"\n<p>Um feto encontrado na porta de uma resid\u00eancia no residencial Dom Avelar, na zona Leste de Teresina, mobilizou a Pol\u00edcia Militar por mais de 6 horas e deslocou tamb\u00e9m policiais civis, peritos e at\u00e9 o Instituto M\u00e9dico Legal (IML). A&nbsp; den\u00fancia \u00e9 que se tratava de um feto humano, mas o mist\u00e9rio foi desvendado pela per\u00edcia que, por meio de testes, confirmou que se tratava de um gato.&nbsp;<\/p>\n\n\n\n<p>Alessandra de Oliveira, propriet\u00e1ria da casa onde o feto foi achado, conta que acionou a PM porque acreditava de tratar de um beb\u00ea.&nbsp;<\/p>\n\n\n\n<p>&#8220;Quando abri minha porta o feto estava ali, mexia a boquinha, parecia uma crian\u00e7a. Todo mundo achava que era uma crian\u00e7a que ainda estava na bolsa, da\u00ed peguei no papel\u00e3o e foi murchando. Ele respirava! agora que sei que \u00e9 um gato estou aliviada&#8221;, disse a dona de casa.&nbsp;<\/p>\n\n\n\n<p>A not\u00edcia do feto despertou a curiosidade de vizinhos que se aglomeraram no local. A confirma\u00e7\u00e3o de que se tratava de um gato s\u00f3 ocorreu por volta das 15h15.<\/p>\n\n\n\n<figure class=\"wp-block-image is-resized\"><img decoding=\"async\" loading=\"lazy\" src=\"https:\/\/cidadeverde.com\/assets\/uploads\/noticias\/2a97c3287b745f789b9d15e8f632af7d.jpg\" alt=\"\" width=\"376\" height=\"281\"\/><figcaption>Foto: reprodu\u00e7\u00e3o WhatsApp<\/figcaption><\/figure>\n\n\n\n<p><strong>Fonte: Graciane Ara\u00fajo\/ Cidade Verde <\/strong><\/p>\n","protected":false},"excerpt":{"rendered":"<p>Um feto encontrado na porta de uma resid\u00eancia no residencial Dom Avelar, na zona Leste de Teresina, mobilizou a Pol\u00edcia Militar por mais de 6 horas e deslocou tamb\u00e9m policiais civis, peritos e at\u00e9 o Instituto M\u00e9dico Legal (IML). A&nbsp; den\u00fancia \u00e9 que se tratava de um feto humano, mas o mist\u00e9rio foi desvendado pela [&hellip;]<\/p>\n","protected":false},"author":1,"featured_media":36676,"comment_status":"open","ping_status":"open","sticky":false,"template":"","format":"standard","meta":{"beyondwords_generate_audio":"","beyondwords_project_id":"","beyondwords_podcast_id":"","beyondwords_hash":"","beyondwords_error_message":"","beyondwords_disabled":"","publish_post_to_speechkit":"","speechkit_generate_audio":"","speechkit_project_id":"","speechkit_podcast_id":"","speechkit_hash":"","speechkit_error_message":"","speechkit_disabled":"","speechkit_access_key":"","speechkit_error":"","speechkit_info":"","speechkit_response":"","speechkit_retries":"","_speechkit_link":"","_speechkit_text":""},"categories":[51,81],"tags":[113,10537,44,72,1573,733,5658,10538,52,466],"jetpack_featured_media_url":"","_links":{"self":[{"href":"https:\/\/pinews.com.br\/index.php\/wp-json\/wp\/v2\/posts\/36675"}],"collection":[{"href":"https:\/\/pinews.com.br\/index.php\/wp-json\/wp\/v2\/posts"}],"about":[{"href":"https:\/\/pinews.com.br\/index.php\/wp-json\/wp\/v2\/types\/post"}],"author":[{"embeddable":true,"href":"https:\/\/pinews.com.br\/index.php\/wp-json\/wp\/v2\/users\/1"}],"replies":[{"embeddable":true,"href":"https:\/\/pinews.com.br\/index.php\/wp-json\/wp\/v2\/comments?post=36675"}],"version-history":[{"count":0,"href":"https:\/\/pinews.com.br\/index.php\/wp-json\/wp\/v2\/posts\/36675\/revisions"}],"wp:featuredmedia":[{"embeddable":true,"href":"https:\/\/pinews.com.br\/index.php\/wp-json\/"}],"wp:attachment":[{"href":"https:\/\/pinews.com.br\/index.php\/wp-json\/wp\/v2\/media?parent=36675"}],"wp:term":[{"taxonomy":"category","embeddable":true,"href":"https:\/\/pinews.com.br\/index.php\/wp-json\/wp\/v2\/categories?post=36675"},{"taxonomy":"post_tag","embeddable":true,"href":"https:\/\/pinews.com.br\/index.php\/wp-json\/wp\/v2\/tags?post=36675"}],"curies":[{"name":"wp","href":"https:\/\/api.w.org\/{rel}","templated":true}]}}