{"id":36697,"date":"2022-07-15T21:02:51","date_gmt":"2022-07-16T00:02:51","guid":{"rendered":"https:\/\/pinews.com.br\/?p=36697"},"modified":"2022-07-15T21:02:51","modified_gmt":"2022-07-16T00:02:51","slug":"pai-e-preso-por-suspeita-de-estuprar-duas-filhas-menores-no-norte-do-piaui","status":"publish","type":"post","link":"https:\/\/pinews.com.br\/index.php\/2022\/07\/15\/pai-e-preso-por-suspeita-de-estuprar-duas-filhas-menores-no-norte-do-piaui\/","title":{"rendered":"Pai \u00e9 preso por suspeita de estuprar duas filhas menores no Norte do Piau\u00ed"},"content":{"rendered":"\n<p>A Policia Civil do Piau\u00ed, por meio da equipe  20\u00b0 Distrito Policial de Uni\u00e3o, deu cumprimento ao mandado de pris\u00e3o, nesta sexta-feira (15\/07), contra um homem suspeito de estuprar duas filhas menores.<\/p>\n\n\n\n<p>O suspeito abusava sexualmente das filhas, sendo que uma delas, que atualmente possui 16 anos, era abusada sexualmente desde os 11 anos e a outra que \u00e9 menor&nbsp;tem 13 anos.<\/p>\n\n\n\n<p>Segundo a Pol\u00edcia Civil de Uni\u00e3o, o homem foi encontrado em sua pr\u00f3pria resid\u00eancia localizada na Vila Nova Conquista nesta cidade, onde n\u00e3o esbo\u00e7ou rea\u00e7\u00e3o diante da abordagem policial. Logo em seguida foi dado voz de pris\u00e3o ao mesmo e conduzido para Unidade de Pol\u00edcia Judici\u00e1ria&nbsp;cidade para que as medidas cab\u00edveis fossem tomadas.<\/p>\n\n\n\n<p>A Pol\u00edcia Civil do Piau\u00ed por meio da Delegacia de Uni\u00e3o  disponibiliza contato para denuncia an\u00f4nima ligue (086) 99486 9440.<\/p>\n\n\n\n<p><strong>Fonte: 180 Graus\/ As informa\u00e7\u00f5es s\u00e3o do Portal de Uni\u00e3o<\/strong><\/p>\n","protected":false},"excerpt":{"rendered":"<p>A Policia Civil do Piau\u00ed, por meio da equipe 20\u00b0 Distrito Policial de Uni\u00e3o, deu cumprimento ao mandado de pris\u00e3o, nesta sexta-feira (15\/07), contra um homem suspeito de estuprar duas filhas menores. O suspeito abusava sexualmente das filhas, sendo que uma delas, que atualmente possui 16 anos, era abusada sexualmente desde os 11 anos e [&hellip;]<\/p>\n","protected":false},"author":1,"featured_media":36698,"comment_status":"open","ping_status":"open","sticky":false,"template":"","format":"standard","meta":{"beyondwords_generate_audio":"","beyondwords_project_id":"","beyondwords_podcast_id":"","beyondwords_hash":"","beyondwords_error_message":"","beyondwords_disabled":"","publish_post_to_speechkit":"","speechkit_generate_audio":"","speechkit_project_id":"","speechkit_podcast_id":"","speechkit_hash":"","speechkit_error_message":"","speechkit_disabled":"","speechkit_access_key":"","speechkit_error":"","speechkit_info":"","speechkit_response":"","speechkit_retries":"","_speechkit_link":"","_speechkit_text":""},"categories":[51,78],"tags":[44,260,72,348,1618,996,337,290,52,59,79,473],"jetpack_featured_media_url":"","_links":{"self":[{"href":"https:\/\/pinews.com.br\/index.php\/wp-json\/wp\/v2\/posts\/36697"}],"collection":[{"href":"https:\/\/pinews.com.br\/index.php\/wp-json\/wp\/v2\/posts"}],"about":[{"href":"https:\/\/pinews.com.br\/index.php\/wp-json\/wp\/v2\/types\/post"}],"author":[{"embeddable":true,"href":"https:\/\/pinews.com.br\/index.php\/wp-json\/wp\/v2\/users\/1"}],"replies":[{"embeddable":true,"href":"https:\/\/pinews.com.br\/index.php\/wp-json\/wp\/v2\/comments?post=36697"}],"version-history":[{"count":0,"href":"https:\/\/pinews.com.br\/index.php\/wp-json\/wp\/v2\/posts\/36697\/revisions"}],"wp:featuredmedia":[{"embeddable":true,"href":"https:\/\/pinews.com.br\/index.php\/wp-json\/"}],"wp:attachment":[{"href":"https:\/\/pinews.com.br\/index.php\/wp-json\/wp\/v2\/media?parent=36697"}],"wp:term":[{"taxonomy":"category","embeddable":true,"href":"https:\/\/pinews.com.br\/index.php\/wp-json\/wp\/v2\/categories?post=36697"},{"taxonomy":"post_tag","embeddable":true,"href":"https:\/\/pinews.com.br\/index.php\/wp-json\/wp\/v2\/tags?post=36697"}],"curies":[{"name":"wp","href":"https:\/\/api.w.org\/{rel}","templated":true}]}}