{"id":36714,"date":"2022-07-16T17:52:40","date_gmt":"2022-07-16T20:52:40","guid":{"rendered":"https:\/\/pinews.com.br\/?p=36714"},"modified":"2022-07-16T17:52:40","modified_gmt":"2022-07-16T20:52:40","slug":"jovem-de-20-anos-e-preso-com-arma-de-fogo-municiada-no-piaui","status":"publish","type":"post","link":"https:\/\/pinews.com.br\/index.php\/2022\/07\/16\/jovem-de-20-anos-e-preso-com-arma-de-fogo-municiada-no-piaui\/","title":{"rendered":"Jovem de 20 anos \u00e9 preso com arma de fogo municiada no Piau\u00ed"},"content":{"rendered":"\n<p>A Pol\u00edcia Militar do Piau\u00ed, atrav\u00e9s do 8\u00b0 Batalh\u00e3o, realizou no fim da manh\u00e3 deste s\u00e1bado (16), a pris\u00e3o de um jovem identificado pelas iniciais R. G. N, de 20 anos, por Porte ilegal de arma de fogo de uso permitido. A a\u00e7\u00e3o ocorreu por volta das 11h25 na Quadra 11 do Conjunto Frei Dami\u00e3o, na zona Sudeste de Teresina. <\/p>\n\n\n\n<p>De acordo com a Pol\u00edcia Militar, uma equipe do 8\u00b0 BPM estava em rondas pelo Conjunto Frei Dami\u00e3o, quando avistou o indiv\u00edduo que ao perceber a presen\u00e7a da VTR, passou a agir de maneira suspeita.<\/p>\n\n\n\n<p>Diante disso, foi realizada a abordagem e com o mesmo foi apreendido um rev\u00f3lver marca Rossi .38 Special, com 05 muni\u00e7\u00f5es intactas do mesmo calibrei. Com a pris\u00e3o, foi realizada a condu\u00e7\u00e3o \u00e0 Central de Flagrantes para os procedimentos cab\u00edveis ao caso. <\/p>\n\n\n\n<p><strong>Fonte: Meio Norte<\/strong> <\/p>\n","protected":false},"excerpt":{"rendered":"<p>A Pol\u00edcia Militar do Piau\u00ed, atrav\u00e9s do 8\u00b0 Batalh\u00e3o, realizou no fim da manh\u00e3 deste s\u00e1bado (16), a pris\u00e3o de um jovem identificado pelas iniciais R. G. N, de 20 anos, por Porte ilegal de arma de fogo de uso permitido. A a\u00e7\u00e3o ocorreu por volta das 11h25 na Quadra 11 do Conjunto Frei Dami\u00e3o, [&hellip;]<\/p>\n","protected":false},"author":1,"featured_media":36715,"comment_status":"open","ping_status":"open","sticky":false,"template":"","format":"standard","meta":{"beyondwords_generate_audio":"","beyondwords_project_id":"","beyondwords_podcast_id":"","beyondwords_hash":"","beyondwords_error_message":"","beyondwords_disabled":"","publish_post_to_speechkit":"","speechkit_generate_audio":"","speechkit_project_id":"","speechkit_podcast_id":"","speechkit_hash":"","speechkit_error_message":"","speechkit_disabled":"","speechkit_access_key":"","speechkit_error":"","speechkit_info":"","speechkit_response":"","speechkit_retries":"","_speechkit_link":"","_speechkit_text":""},"categories":[51,78],"tags":[208,82,326,44,72,1675,266,10542,52,79],"jetpack_featured_media_url":"","_links":{"self":[{"href":"https:\/\/pinews.com.br\/index.php\/wp-json\/wp\/v2\/posts\/36714"}],"collection":[{"href":"https:\/\/pinews.com.br\/index.php\/wp-json\/wp\/v2\/posts"}],"about":[{"href":"https:\/\/pinews.com.br\/index.php\/wp-json\/wp\/v2\/types\/post"}],"author":[{"embeddable":true,"href":"https:\/\/pinews.com.br\/index.php\/wp-json\/wp\/v2\/users\/1"}],"replies":[{"embeddable":true,"href":"https:\/\/pinews.com.br\/index.php\/wp-json\/wp\/v2\/comments?post=36714"}],"version-history":[{"count":0,"href":"https:\/\/pinews.com.br\/index.php\/wp-json\/wp\/v2\/posts\/36714\/revisions"}],"wp:featuredmedia":[{"embeddable":true,"href":"https:\/\/pinews.com.br\/index.php\/wp-json\/"}],"wp:attachment":[{"href":"https:\/\/pinews.com.br\/index.php\/wp-json\/wp\/v2\/media?parent=36714"}],"wp:term":[{"taxonomy":"category","embeddable":true,"href":"https:\/\/pinews.com.br\/index.php\/wp-json\/wp\/v2\/categories?post=36714"},{"taxonomy":"post_tag","embeddable":true,"href":"https:\/\/pinews.com.br\/index.php\/wp-json\/wp\/v2\/tags?post=36714"}],"curies":[{"name":"wp","href":"https:\/\/api.w.org\/{rel}","templated":true}]}}