{"id":36750,"date":"2022-07-17T18:13:13","date_gmt":"2022-07-17T21:13:13","guid":{"rendered":"https:\/\/pinews.com.br\/?p=36750"},"modified":"2022-07-17T18:13:13","modified_gmt":"2022-07-17T21:13:13","slug":"jovem-de-28-anos-e-assassinado-a-tiros-em-mercado-publico-no-piaui","status":"publish","type":"post","link":"https:\/\/pinews.com.br\/index.php\/2022\/07\/17\/jovem-de-28-anos-e-assassinado-a-tiros-em-mercado-publico-no-piaui\/","title":{"rendered":"Jovem de 28 anos \u00e9 assassinado a tiros em Mercado P\u00fablico no Piau\u00ed"},"content":{"rendered":"\n<p>Um jovem de 28 anos foi morto a tiros na manh\u00e3 deste domingo (17), por volta das 11h, no Mercado P\u00fablico do bairro Sat\u00e9lite, na zona Leste de Teresina.<\/p>\n\n\n\n<p>Segundo informa\u00e7\u00f5es do 5\u00ba Batalh\u00e3o da Pol\u00edcia Militar do Piau\u00ed, Paulo Hythalo Oliveira foi atingido com cerca de 14 disparos na regi\u00e3o dos bra\u00e7os, costas, peito e cabe\u00e7a.<\/p>\n\n\n\n<p>Ainda de acordo com o 5\u00ba BPM, a v\u00edtima foi surpreendia por dois suspeitos que chegaram ao local de motocicleta e logo em seguida efetuaram os tiros contra Paulo Hythalo.<\/p>\n\n\n\n<p>O jovem n\u00e3o resistiu aos ferimentos e veio a \u00f3bito no local. Os suspeitos fugiram ap\u00f3s o crime e at\u00e9 o momento ningu\u00e9m foi preso.<\/p>\n\n\n\n<p>Equipes da Per\u00edcia Criminal e Instituto M\u00e9dico Legal (IML) foram acionadas e fizeram a remo\u00e7\u00e3o do corpo da v\u00edtima. O caso ser\u00e1 investigado pelo Departamento de Homic\u00eddios e Prote\u00e7\u00e3o \u00e0 Pessoa (DHPP).<\/p>\n\n\n\n<p><strong>Fonte: Rebeca Lima\/ Cidade Verde<\/strong><em> <\/em><\/p>\n","protected":false},"excerpt":{"rendered":"<p>Um jovem de 28 anos foi morto a tiros na manh\u00e3 deste domingo (17), por volta das 11h, no Mercado P\u00fablico do bairro Sat\u00e9lite, na zona Leste de Teresina. Segundo informa\u00e7\u00f5es do 5\u00ba Batalh\u00e3o da Pol\u00edcia Militar do Piau\u00ed, Paulo Hythalo Oliveira foi atingido com cerca de 14 disparos na regi\u00e3o dos bra\u00e7os, costas, peito [&hellip;]<\/p>\n","protected":false},"author":1,"featured_media":36751,"comment_status":"open","ping_status":"open","sticky":false,"template":"","format":"standard","meta":{"beyondwords_generate_audio":"","beyondwords_project_id":"","beyondwords_podcast_id":"","beyondwords_hash":"","beyondwords_error_message":"","beyondwords_disabled":"","publish_post_to_speechkit":"","speechkit_generate_audio":"","speechkit_project_id":"","speechkit_podcast_id":"","speechkit_hash":"","speechkit_error_message":"","speechkit_disabled":"","speechkit_access_key":"","speechkit_error":"","speechkit_info":"","speechkit_response":"","speechkit_retries":"","_speechkit_link":"","_speechkit_text":""},"categories":[51,78,81],"tags":[938,82,364,44,72,46,266,2482,52,6034,165],"jetpack_featured_media_url":"","_links":{"self":[{"href":"https:\/\/pinews.com.br\/index.php\/wp-json\/wp\/v2\/posts\/36750"}],"collection":[{"href":"https:\/\/pinews.com.br\/index.php\/wp-json\/wp\/v2\/posts"}],"about":[{"href":"https:\/\/pinews.com.br\/index.php\/wp-json\/wp\/v2\/types\/post"}],"author":[{"embeddable":true,"href":"https:\/\/pinews.com.br\/index.php\/wp-json\/wp\/v2\/users\/1"}],"replies":[{"embeddable":true,"href":"https:\/\/pinews.com.br\/index.php\/wp-json\/wp\/v2\/comments?post=36750"}],"version-history":[{"count":0,"href":"https:\/\/pinews.com.br\/index.php\/wp-json\/wp\/v2\/posts\/36750\/revisions"}],"wp:featuredmedia":[{"embeddable":true,"href":"https:\/\/pinews.com.br\/index.php\/wp-json\/"}],"wp:attachment":[{"href":"https:\/\/pinews.com.br\/index.php\/wp-json\/wp\/v2\/media?parent=36750"}],"wp:term":[{"taxonomy":"category","embeddable":true,"href":"https:\/\/pinews.com.br\/index.php\/wp-json\/wp\/v2\/categories?post=36750"},{"taxonomy":"post_tag","embeddable":true,"href":"https:\/\/pinews.com.br\/index.php\/wp-json\/wp\/v2\/tags?post=36750"}],"curies":[{"name":"wp","href":"https:\/\/api.w.org\/{rel}","templated":true}]}}