{"id":36753,"date":"2022-07-17T20:43:29","date_gmt":"2022-07-17T23:43:29","guid":{"rendered":"https:\/\/pinews.com.br\/?p=36753"},"modified":"2022-07-17T20:43:29","modified_gmt":"2022-07-17T23:43:29","slug":"motociclista-fratura-perna-apos-perder-controle-de-veiculo-em-cidade-do-piaui","status":"publish","type":"post","link":"https:\/\/pinews.com.br\/index.php\/2022\/07\/17\/motociclista-fratura-perna-apos-perder-controle-de-veiculo-em-cidade-do-piaui\/","title":{"rendered":"Motociclista fratura perna ap\u00f3s perder controle de ve\u00edculo em cidade do Piau\u00ed"},"content":{"rendered":"\n<p>Um rapaz de 22 anos, identificado como Danilo dos Santos Moraes, fraturou a perna esquerda e apresentava ind\u00edcios de luxa\u00e7\u00e3o no ombro direito, al\u00e9m de cortes e escoria\u00e7\u00f5es por todo o corpo, ap\u00f3s perder o controle da moto que conduzia. O sinistro foi registrado nos primeiros minutos dessa madrugada de domingo (17\/07), na PI-309, na altura do bairro Mundial em Cocal, munic\u00edpio da regi\u00e3o Norte do Piau\u00ed. <\/p>\n\n\n\n<p>O Servi\u00e7o de Atendimento M\u00f3vel de Urg\u00eancia (Samu) atendeu o acidentado que deu muito trabalho para ser imobilizado, tendo em vista que o mesmo apresentava sinais vis\u00edveis de embriaguez. Ap\u00f3s os primeiros socorros, a v\u00edtima foi encaminhada \u00e0s pressas ao Hospital Estadual Dirceu Arcoverde (Heda) em Parna\u00edba.&nbsp;<\/p>\n\n\n\n<p>Momentos antes, o Samu havia socorrido um outro motociclista, identificado como Rom\u00e1rio de Sousa Mariano, que tamb\u00e9m apresentava sinais de embriaguez e que ficou ferido ap\u00f3s colidir o seu veiculo contra um carro. O acidente aconteceu no cruzamento da Avenida: Raimundo Alves Pereira com a Rua: Ant\u00f4nio Carlos Vilarinho Barbosa.  <\/p>\n\n\n\n<p>O motociclista tinha acabado de sair de um bar e seguia com destino a sua resid\u00eancia, localizada no bairro Santa Teresinha, mas acabou se envolvendo no acidente que foi capturado por uma c\u00e2mera de seguran\u00e7a. <\/p>\n\n\n\n<p><strong>Fonte: 180 Graus\/ As informa\u00e7\u00f5es s\u00e3o do Blog do Coveiro<\/strong><\/p>\n","protected":false},"excerpt":{"rendered":"<p>Um rapaz de 22 anos, identificado como Danilo dos Santos Moraes, fraturou a perna esquerda e apresentava ind\u00edcios de luxa\u00e7\u00e3o no ombro direito, al\u00e9m de cortes e escoria\u00e7\u00f5es por todo o corpo, ap\u00f3s perder o controle da moto que conduzia. O sinistro foi registrado nos primeiros minutos dessa madrugada de domingo (17\/07), na PI-309, na [&hellip;]<\/p>\n","protected":false},"author":1,"featured_media":36754,"comment_status":"open","ping_status":"open","sticky":false,"template":"","format":"standard","meta":{"beyondwords_generate_audio":"","beyondwords_project_id":"","beyondwords_podcast_id":"","beyondwords_hash":"","beyondwords_error_message":"","beyondwords_disabled":"","publish_post_to_speechkit":"","speechkit_generate_audio":"","speechkit_project_id":"","speechkit_podcast_id":"","speechkit_hash":"","speechkit_error_message":"","speechkit_disabled":"","speechkit_access_key":"","speechkit_error":"","speechkit_info":"","speechkit_response":"","speechkit_retries":"","_speechkit_link":"","_speechkit_text":""},"categories":[51],"tags":[70,63,730,44,46,161,296,5797,933,52,158],"jetpack_featured_media_url":"","_links":{"self":[{"href":"https:\/\/pinews.com.br\/index.php\/wp-json\/wp\/v2\/posts\/36753"}],"collection":[{"href":"https:\/\/pinews.com.br\/index.php\/wp-json\/wp\/v2\/posts"}],"about":[{"href":"https:\/\/pinews.com.br\/index.php\/wp-json\/wp\/v2\/types\/post"}],"author":[{"embeddable":true,"href":"https:\/\/pinews.com.br\/index.php\/wp-json\/wp\/v2\/users\/1"}],"replies":[{"embeddable":true,"href":"https:\/\/pinews.com.br\/index.php\/wp-json\/wp\/v2\/comments?post=36753"}],"version-history":[{"count":0,"href":"https:\/\/pinews.com.br\/index.php\/wp-json\/wp\/v2\/posts\/36753\/revisions"}],"wp:featuredmedia":[{"embeddable":true,"href":"https:\/\/pinews.com.br\/index.php\/wp-json\/"}],"wp:attachment":[{"href":"https:\/\/pinews.com.br\/index.php\/wp-json\/wp\/v2\/media?parent=36753"}],"wp:term":[{"taxonomy":"category","embeddable":true,"href":"https:\/\/pinews.com.br\/index.php\/wp-json\/wp\/v2\/categories?post=36753"},{"taxonomy":"post_tag","embeddable":true,"href":"https:\/\/pinews.com.br\/index.php\/wp-json\/wp\/v2\/tags?post=36753"}],"curies":[{"name":"wp","href":"https:\/\/api.w.org\/{rel}","templated":true}]}}