{"id":36784,"date":"2022-07-18T20:30:50","date_gmt":"2022-07-18T23:30:50","guid":{"rendered":"https:\/\/pinews.com.br\/?p=36784"},"modified":"2022-07-18T20:30:50","modified_gmt":"2022-07-18T23:30:50","slug":"homem-e-preso-e-dois-menores-sao-apreendidos-com-drogas-em-cidade-do-piaui","status":"publish","type":"post","link":"https:\/\/pinews.com.br\/index.php\/2022\/07\/18\/homem-e-preso-e-dois-menores-sao-apreendidos-com-drogas-em-cidade-do-piaui\/","title":{"rendered":"Homem \u00e9 preso e dois menores s\u00e3o apreendidos com drogas em cidade do Piau\u00ed"},"content":{"rendered":"\n<p>Um homem identificado por L.F.P.S. foi preso e dois menores de iniciais W.A.F. e M.k.R.G.S. foram apreendidos na tarde deste domingo (17\/07), por volta das 15h, com uma certa quantidade de drogas e uma arma de fogo, no bairro Macedo, na cidade de \u00c1gua Branca. A pris\u00e3o foi feita pela For\u00e7a T\u00e1tica, em uma opera\u00e7\u00e3o conjunta com o Cabo Ferreira, do GPM de S\u00e3o Pedro do Piau\u00ed. <\/p>\n\n\n\n<p>De acordo com as informa\u00e7\u00f5es repassadas pelo 18\u00ba BPM, o trio foi visto em atitude suspeita pelo Cabo Ferreira, que imediatamente acionou o refor\u00e7o da For\u00e7a T\u00e1tica. Em dilig\u00eancia, foi encontrado uma certa quantidade de drogas na resid\u00eancia de um dos envolvidos.<\/p>\n\n\n\n<p>No local foram apreendidas uma quantidade significativa de maconha e coca\u00edna, al\u00e9m de uma balan\u00e7a de precis\u00e3o, uma arma de fogo de fabrica\u00e7\u00e3o caseira, um celular e uma pequena quantidade em dinheiro.<\/p>\n\n\n\n<p>Os envolvidos foram conduzidos para a Delegacia de Pol\u00edcia Civil para os procedimentos necess\u00e1rios.<\/p>\n\n\n\n<p><strong>Fonte: 180 Graus\/ As informa\u00e7\u00f5es s\u00e3o do Canal 121<\/strong><\/p>\n","protected":false},"excerpt":{"rendered":"<p>Um homem identificado por L.F.P.S. foi preso e dois menores de iniciais W.A.F. e M.k.R.G.S. foram apreendidos na tarde deste domingo (17\/07), por volta das 15h, com uma certa quantidade de drogas e uma arma de fogo, no bairro Macedo, na cidade de \u00c1gua Branca. A pris\u00e3o foi feita pela For\u00e7a T\u00e1tica, em uma opera\u00e7\u00e3o [&hellip;]<\/p>\n","protected":false},"author":1,"featured_media":36785,"comment_status":"open","ping_status":"open","sticky":false,"template":"","format":"standard","meta":{"beyondwords_generate_audio":"","beyondwords_project_id":"","beyondwords_podcast_id":"","beyondwords_hash":"","beyondwords_error_message":"","beyondwords_disabled":"","publish_post_to_speechkit":"","speechkit_generate_audio":"","speechkit_project_id":"","speechkit_podcast_id":"","speechkit_hash":"","speechkit_error_message":"","speechkit_disabled":"","speechkit_access_key":"","speechkit_error":"","speechkit_info":"","speechkit_response":"","speechkit_retries":"","_speechkit_link":"","_speechkit_text":""},"categories":[51,78],"tags":[381,63,106,193,72,46,84,996,52,79,362],"jetpack_featured_media_url":"","_links":{"self":[{"href":"https:\/\/pinews.com.br\/index.php\/wp-json\/wp\/v2\/posts\/36784"}],"collection":[{"href":"https:\/\/pinews.com.br\/index.php\/wp-json\/wp\/v2\/posts"}],"about":[{"href":"https:\/\/pinews.com.br\/index.php\/wp-json\/wp\/v2\/types\/post"}],"author":[{"embeddable":true,"href":"https:\/\/pinews.com.br\/index.php\/wp-json\/wp\/v2\/users\/1"}],"replies":[{"embeddable":true,"href":"https:\/\/pinews.com.br\/index.php\/wp-json\/wp\/v2\/comments?post=36784"}],"version-history":[{"count":0,"href":"https:\/\/pinews.com.br\/index.php\/wp-json\/wp\/v2\/posts\/36784\/revisions"}],"wp:featuredmedia":[{"embeddable":true,"href":"https:\/\/pinews.com.br\/index.php\/wp-json\/"}],"wp:attachment":[{"href":"https:\/\/pinews.com.br\/index.php\/wp-json\/wp\/v2\/media?parent=36784"}],"wp:term":[{"taxonomy":"category","embeddable":true,"href":"https:\/\/pinews.com.br\/index.php\/wp-json\/wp\/v2\/categories?post=36784"},{"taxonomy":"post_tag","embeddable":true,"href":"https:\/\/pinews.com.br\/index.php\/wp-json\/wp\/v2\/tags?post=36784"}],"curies":[{"name":"wp","href":"https:\/\/api.w.org\/{rel}","templated":true}]}}