{"id":36853,"date":"2022-07-20T18:03:54","date_gmt":"2022-07-20T21:03:54","guid":{"rendered":"https:\/\/pinews.com.br\/?p=36853"},"modified":"2022-07-20T18:03:54","modified_gmt":"2022-07-20T21:03:54","slug":"detento-e-encontrado-morto-em-cela-de-penitenciaria-no-piaui","status":"publish","type":"post","link":"https:\/\/pinews.com.br\/index.php\/2022\/07\/20\/detento-e-encontrado-morto-em-cela-de-penitenciaria-no-piaui\/","title":{"rendered":"Detento \u00e9 encontrado morto em cela de penitenci\u00e1ria no Piau\u00ed"},"content":{"rendered":"\n<p>Um detento da Penitenci\u00e1ria Mista Juiz Fontes Ibiapina, da cidade de Parna\u00edba, no litoral do Piau\u00ed, identificado como Felipe Sousa da Silva, foi encontrado morto no interior de uma cela da unidade na manh\u00e3 desta quarta-feira (20).<\/p>\n\n\n\n<p>De acordo com informa\u00e7\u00f5es repassadas pela Secretaria de Estado da Justi\u00e7a (Sejus), o reeducando encontrava-se sozinho no local. Diante disso, uma equipe do Instituto M\u00e9dico Legal (IML) foi acionado esteve na penitenci\u00e1ria para o recolhimento do corpo e para a realiza\u00e7\u00e3o da per\u00edcia m\u00e9dica.<\/p>\n\n\n\n<p><em>NOTA<\/em><\/p>\n\n\n\n<p><em>A Ger\u00eancia da Penitenci\u00e1ria Mista Juiz Fontes Ibiapina, em Parna\u00edba, informa que o interno Felipe Sousa da Silva foi encontrado morto no interior da cela, nesta quarta-feira (20). O reeducando encontrava-se sozinho no local. A equipe do Instituto M\u00e9dico Legal esteve na unidade para o recolhimento do corpo e para a realiza\u00e7\u00e3o da per\u00edcia m\u00e9dica.<\/em><\/p>\n\n\n\n<p><strong>Fonte: Meio Norte<\/strong> <\/p>\n","protected":false},"excerpt":{"rendered":"<p>Um detento da Penitenci\u00e1ria Mista Juiz Fontes Ibiapina, da cidade de Parna\u00edba, no litoral do Piau\u00ed, identificado como Felipe Sousa da Silva, foi encontrado morto no interior de uma cela da unidade na manh\u00e3 desta quarta-feira (20). De acordo com informa\u00e7\u00f5es repassadas pela Secretaria de Estado da Justi\u00e7a (Sejus), o reeducando encontrava-se sozinho no local. [&hellip;]<\/p>\n","protected":false},"author":1,"featured_media":36854,"comment_status":"open","ping_status":"open","sticky":false,"template":"","format":"standard","meta":{"beyondwords_generate_audio":"","beyondwords_project_id":"","beyondwords_podcast_id":"","beyondwords_hash":"","beyondwords_error_message":"","beyondwords_disabled":"","publish_post_to_speechkit":"","speechkit_generate_audio":"","speechkit_project_id":"","speechkit_podcast_id":"","speechkit_hash":"","speechkit_error_message":"","speechkit_disabled":"","speechkit_access_key":"","speechkit_error":"","speechkit_info":"","speechkit_response":"","speechkit_retries":"","_speechkit_link":"","_speechkit_text":""},"categories":[51,78],"tags":[1671,44,857,72,46,200,197,10562,52],"jetpack_featured_media_url":"","_links":{"self":[{"href":"https:\/\/pinews.com.br\/index.php\/wp-json\/wp\/v2\/posts\/36853"}],"collection":[{"href":"https:\/\/pinews.com.br\/index.php\/wp-json\/wp\/v2\/posts"}],"about":[{"href":"https:\/\/pinews.com.br\/index.php\/wp-json\/wp\/v2\/types\/post"}],"author":[{"embeddable":true,"href":"https:\/\/pinews.com.br\/index.php\/wp-json\/wp\/v2\/users\/1"}],"replies":[{"embeddable":true,"href":"https:\/\/pinews.com.br\/index.php\/wp-json\/wp\/v2\/comments?post=36853"}],"version-history":[{"count":0,"href":"https:\/\/pinews.com.br\/index.php\/wp-json\/wp\/v2\/posts\/36853\/revisions"}],"wp:featuredmedia":[{"embeddable":true,"href":"https:\/\/pinews.com.br\/index.php\/wp-json\/"}],"wp:attachment":[{"href":"https:\/\/pinews.com.br\/index.php\/wp-json\/wp\/v2\/media?parent=36853"}],"wp:term":[{"taxonomy":"category","embeddable":true,"href":"https:\/\/pinews.com.br\/index.php\/wp-json\/wp\/v2\/categories?post=36853"},{"taxonomy":"post_tag","embeddable":true,"href":"https:\/\/pinews.com.br\/index.php\/wp-json\/wp\/v2\/tags?post=36853"}],"curies":[{"name":"wp","href":"https:\/\/api.w.org\/{rel}","templated":true}]}}