{"id":36878,"date":"2022-07-21T11:10:00","date_gmt":"2022-07-21T14:10:00","guid":{"rendered":"https:\/\/pinews.com.br\/?p=36878"},"modified":"2022-07-21T11:10:00","modified_gmt":"2022-07-21T14:10:00","slug":"crianca-de-dois-anos-morre-apos-colisao-de-carros-no-piaui-estava-no-banco-da-frente-com-o-pai","status":"publish","type":"post","link":"https:\/\/pinews.com.br\/index.php\/2022\/07\/21\/crianca-de-dois-anos-morre-apos-colisao-de-carros-no-piaui-estava-no-banco-da-frente-com-o-pai\/","title":{"rendered":"Crian\u00e7a de dois anos morre ap\u00f3s colis\u00e3o de carros no Piau\u00ed; estava no banco da frente com o pai"},"content":{"rendered":"\n<p>Uma crian\u00e7a identificada como Bruno Henrique Silva Costa, de apenas dois anos, morreu ap\u00f3s o carro em que trafegava com o pai Thiago colidir de frente com outro ve\u00edculo em Boqueir\u00e3o do Piau\u00ed, na regi\u00e3o de Campo Maior. O acidente aconteceu no final tarde dessa quarta-feira (20\/07). <\/p>\n\n\n\n<p>A crian\u00e7a ainda chegou a ser levada para o Hospital Regional de Campo Maior, onde j\u00e1 chegou sem vida. A equipe m\u00e9dica ainda iniciou os procedimentos para tentar a reanima\u00e7\u00e3o da crian\u00e7a, mas Bruno n\u00e3o respondeu.<\/p>\n\n\n\n<p>De acordo com as informa\u00e7\u00f5es colhidas pela nossa reportagem, Bruno era transportado pelo pai no banco da frente do carro, um Gol Vermelho. Pai e filho trafegavam de Nossa Senhora de Nazar\u00e9, onde moram na comunidade Passa Bem, com destino a Boqueir\u00e3o do Piau\u00ed.<\/p>\n\n\n\n<p>No trajeto, o carro que pai e filho trafegavam se chocou de frente com outro ve\u00edculo, uma pampa. Com o impacto o menino foi lan\u00e7ado fora do autom\u00f3vel, caindo alguns metros depois. A crian\u00e7a sofreu traumatismo craniano.<\/p>\n\n\n\n<p><strong>Fonte: 180 Graus\/ As informa\u00e7\u00f5es s\u00e3o do Portal de Campo Maior<\/strong><\/p>\n","protected":false},"excerpt":{"rendered":"<p>Uma crian\u00e7a identificada como Bruno Henrique Silva Costa, de apenas dois anos, morreu ap\u00f3s o carro em que trafegava com o pai Thiago colidir de frente com outro ve\u00edculo em Boqueir\u00e3o do Piau\u00ed, na regi\u00e3o de Campo Maior. O acidente aconteceu no final tarde dessa quarta-feira (20\/07). A crian\u00e7a ainda chegou a ser levada para [&hellip;]<\/p>\n","protected":false},"author":1,"featured_media":36879,"comment_status":"open","ping_status":"open","sticky":false,"template":"","format":"standard","meta":{"beyondwords_generate_audio":"","beyondwords_project_id":"","beyondwords_podcast_id":"","beyondwords_hash":"","beyondwords_error_message":"","beyondwords_disabled":"","publish_post_to_speechkit":"","speechkit_generate_audio":"","speechkit_project_id":"","speechkit_podcast_id":"","speechkit_hash":"","speechkit_error_message":"","speechkit_disabled":"","speechkit_access_key":"","speechkit_error":"","speechkit_info":"","speechkit_response":"","speechkit_retries":"","_speechkit_link":"","_speechkit_text":""},"categories":[51],"tags":[82,70,71,1086,256,221,122,44,106,201,480,119,290,52],"jetpack_featured_media_url":"","_links":{"self":[{"href":"https:\/\/pinews.com.br\/index.php\/wp-json\/wp\/v2\/posts\/36878"}],"collection":[{"href":"https:\/\/pinews.com.br\/index.php\/wp-json\/wp\/v2\/posts"}],"about":[{"href":"https:\/\/pinews.com.br\/index.php\/wp-json\/wp\/v2\/types\/post"}],"author":[{"embeddable":true,"href":"https:\/\/pinews.com.br\/index.php\/wp-json\/wp\/v2\/users\/1"}],"replies":[{"embeddable":true,"href":"https:\/\/pinews.com.br\/index.php\/wp-json\/wp\/v2\/comments?post=36878"}],"version-history":[{"count":0,"href":"https:\/\/pinews.com.br\/index.php\/wp-json\/wp\/v2\/posts\/36878\/revisions"}],"wp:featuredmedia":[{"embeddable":true,"href":"https:\/\/pinews.com.br\/index.php\/wp-json\/"}],"wp:attachment":[{"href":"https:\/\/pinews.com.br\/index.php\/wp-json\/wp\/v2\/media?parent=36878"}],"wp:term":[{"taxonomy":"category","embeddable":true,"href":"https:\/\/pinews.com.br\/index.php\/wp-json\/wp\/v2\/categories?post=36878"},{"taxonomy":"post_tag","embeddable":true,"href":"https:\/\/pinews.com.br\/index.php\/wp-json\/wp\/v2\/tags?post=36878"}],"curies":[{"name":"wp","href":"https:\/\/api.w.org\/{rel}","templated":true}]}}