{"id":36936,"date":"2022-07-23T10:29:28","date_gmt":"2022-07-23T13:29:28","guid":{"rendered":"https:\/\/pinews.com.br\/?p=36936"},"modified":"2022-07-23T10:29:28","modified_gmt":"2022-07-23T13:29:28","slug":"homem-relata-como-tentou-matar-desafeto-no-piaui-puxei-a-corda-no-pescoco-dele","status":"publish","type":"post","link":"https:\/\/pinews.com.br\/index.php\/2022\/07\/23\/homem-relata-como-tentou-matar-desafeto-no-piaui-puxei-a-corda-no-pescoco-dele\/","title":{"rendered":"Homem relata como tentou matar desafeto no Piau\u00ed: &#8216;Puxei a corda no pesco\u00e7o dele&#8217;"},"content":{"rendered":"\n<p>Um homem de 29 anos foi preso na tarde desta sexta-feira (22\/07) por suspeita de tentativa de homic\u00eddio na comunidade Jatob\u00e1 Medonho, na zona rural de Buriti dos Montes, no Norte do Piau\u00ed. <\/p>\n\n\n\n<p>O indiv\u00edduo acabou confessando o crime em um bar enquanto estava bebendo. Um v\u00eddeo foi gravado e compartilhado&nbsp;nas redes sociais.<\/p>\n\n\n\n<p>&#8220;Amarrei a corda no pesco\u00e7o dele e puxei, mas o desgra\u00e7ado n\u00e3o morreu, s\u00f3 ficava rocando&#8221;, confessou o suspeito.<\/p>\n\n\n\n<p>Ap\u00f3s a justi\u00e7a tomar conhecimento do v\u00eddeo, foi expedido o mandato de pris\u00e3o preventiva, sendo executado pela Pol\u00edcias Civil e Militar.<\/p>\n\n\n\n<p><strong>O crime<\/strong><\/p>\n\n\n\n<p>O suspeito e outros dois homens, sendo um menor, agrediram um rapaz e tentaram mat\u00e1-lo no \u00faltimo dia (22\/06).<\/p>\n\n\n\n<p>Ap\u00f3s o crime, o rapaz foi encontrado desacordado pela m\u00e3e dentro da casa do menor de idade envolvido.&nbsp;A motiva\u00e7\u00e3o&nbsp;\u00e9 desconhecida.<\/p>\n\n\n\n<p>O menor de idade foi apreendido na \u00e9poca do crime.<\/p>\n\n\n\n<p><strong>Fonte: 180 Graus\/ As informa\u00e7\u00f5es s\u00e3o do Tribuna em Foco<\/strong><\/p>\n","protected":false},"excerpt":{"rendered":"<p>Um homem de 29 anos foi preso na tarde desta sexta-feira (22\/07) por suspeita de tentativa de homic\u00eddio na comunidade Jatob\u00e1 Medonho, na zona rural de Buriti dos Montes, no Norte do Piau\u00ed. O indiv\u00edduo acabou confessando o crime em um bar enquanto estava bebendo. Um v\u00eddeo foi gravado e compartilhado&nbsp;nas redes sociais. &#8220;Amarrei a [&hellip;]<\/p>\n","protected":false},"author":1,"featured_media":36937,"comment_status":"open","ping_status":"open","sticky":false,"template":"","format":"standard","meta":{"beyondwords_generate_audio":"","beyondwords_project_id":"","beyondwords_podcast_id":"","beyondwords_hash":"","beyondwords_error_message":"","beyondwords_disabled":"","publish_post_to_speechkit":"","speechkit_generate_audio":"","speechkit_project_id":"","speechkit_podcast_id":"","speechkit_hash":"","speechkit_error_message":"","speechkit_disabled":"","speechkit_access_key":"","speechkit_error":"","speechkit_info":"","speechkit_response":"","speechkit_retries":"","_speechkit_link":"","_speechkit_text":""},"categories":[51,78],"tags":[420,7909,385,6801,84,85,1399,52,10569,9182,6845],"jetpack_featured_media_url":"","_links":{"self":[{"href":"https:\/\/pinews.com.br\/index.php\/wp-json\/wp\/v2\/posts\/36936"}],"collection":[{"href":"https:\/\/pinews.com.br\/index.php\/wp-json\/wp\/v2\/posts"}],"about":[{"href":"https:\/\/pinews.com.br\/index.php\/wp-json\/wp\/v2\/types\/post"}],"author":[{"embeddable":true,"href":"https:\/\/pinews.com.br\/index.php\/wp-json\/wp\/v2\/users\/1"}],"replies":[{"embeddable":true,"href":"https:\/\/pinews.com.br\/index.php\/wp-json\/wp\/v2\/comments?post=36936"}],"version-history":[{"count":0,"href":"https:\/\/pinews.com.br\/index.php\/wp-json\/wp\/v2\/posts\/36936\/revisions"}],"wp:featuredmedia":[{"embeddable":true,"href":"https:\/\/pinews.com.br\/index.php\/wp-json\/"}],"wp:attachment":[{"href":"https:\/\/pinews.com.br\/index.php\/wp-json\/wp\/v2\/media?parent=36936"}],"wp:term":[{"taxonomy":"category","embeddable":true,"href":"https:\/\/pinews.com.br\/index.php\/wp-json\/wp\/v2\/categories?post=36936"},{"taxonomy":"post_tag","embeddable":true,"href":"https:\/\/pinews.com.br\/index.php\/wp-json\/wp\/v2\/tags?post=36936"}],"curies":[{"name":"wp","href":"https:\/\/api.w.org\/{rel}","templated":true}]}}