{"id":37000,"date":"2022-07-25T10:34:39","date_gmt":"2022-07-25T13:34:39","guid":{"rendered":"https:\/\/pinews.com.br\/?p=37000"},"modified":"2022-07-25T10:34:39","modified_gmt":"2022-07-25T13:34:39","slug":"governo-antecipa-calendario-do-auxilio-brasil-veja-novas-datas","status":"publish","type":"post","link":"https:\/\/pinews.com.br\/index.php\/2022\/07\/25\/governo-antecipa-calendario-do-auxilio-brasil-veja-novas-datas\/","title":{"rendered":"Governo antecipa calend\u00e1rio do Aux\u00edlio Brasil; veja novas datas"},"content":{"rendered":"\n<p>O Minist\u00e9rio da Cidadania antecipou o calend\u00e1rio anual de pagamento do Aux\u00edlio Brasil, de forma a viabilizar o pagamento de R$ 600 para o benef\u00edcio j\u00e1 no m\u00eas de agosto. A medida consta da Instru\u00e7\u00e3o Normativa n\u00ba 18, publicada no&nbsp;<a href=\"https:\/\/in.gov.br\/en\/web\/dou\/-\/instrucao-normativa-n-18\/seds\/senarc\/mc-de-22-de-julho-de-2022-417442930\" target=\"_blank\" rel=\"noreferrer noopener\"><em>Di\u00e1rio Oficial da Uni\u00e3o<\/em><\/a>&nbsp;de hoje (25).<img decoding=\"async\" src=\"https:\/\/agenciabrasil.ebc.com.br\/ebc.png?id=1472414&amp;o=node\"><img decoding=\"async\" src=\"https:\/\/agenciabrasil.ebc.com.br\/ebc.gif?id=1472414&amp;o=node\"><\/p>\n\n\n\n<p>O calend\u00e1rio com as datas de pagamento foi disponibilizado no anexo da instru\u00e7\u00e3o normativa, tendo por base o N\u00famero de Inscri\u00e7\u00e3o Social (NIS) de cada benefici\u00e1rio. Atualmente, 17,5 milh\u00f5es de fam\u00edlias s\u00e3o atendidas pelo programa.<\/p>\n\n\n\n<figure class=\"wp-block-image\"><img decoding=\"async\" src=\"https:\/\/imagens.ebc.com.br\/HLRKLsC1stg-NHuf6Mmp7NVf9Rk=\/754x0\/smart\/https:\/\/agenciabrasil.ebc.com.br\/sites\/default\/files\/thumbnails\/image\/tabela_auxilio_brasil_agosto.jpg?itok=ewpUQnsC\" alt=\"Calend\u00e1rio de pagamentos do Aux\u00edlio Brasil de R$ 600\" title=\"Di\u00e1rio Oficial da Uni\u00e3o\"\/><\/figure>\n\n\n\n<h4><em><strong>Di\u00e1rio Oficial da Uni\u00e3o<\/strong><\/em><\/h4>\n\n\n\n<p>O pagamento do aux\u00edlio est\u00e1 previsto at\u00e9 dezembro, conforme prev\u00ea emenda constitucional promulgada no dia 14 de julho deste ano pelo Congresso Nacional.<\/p>\n\n\n\n<p>Por meio de medida provis\u00f3ria, o governo federal liberou cr\u00e9dito extraordin\u00e1rio de R$ 27 bilh\u00f5es para o acr\u00e9scimo de R$ 200 ao benef\u00edcio, bem como para o aumento do valor do Aux\u00edlio G\u00e1s e para o programa de Aquisi\u00e7\u00e3o e Distribui\u00e7\u00e3o de Alimentos da Agricultura Familiar para Promo\u00e7\u00e3o da Seguran\u00e7a Alimentar e Nutricional (Programa Alimenta Brasil).<\/p>\n\n\n\n<p>No caso do Aux\u00edlio Brasil, os recursos tamb\u00e9m ser\u00e3o utilizados para o pagamento de custos e encargos banc\u00e1rios relativos \u00e0 extens\u00e3o do programa.<\/p>\n\n\n\n<p><strong>Fonte: Ag\u00eancia Brasil <\/strong><\/p>\n","protected":false},"excerpt":{"rendered":"<p>O Minist\u00e9rio da Cidadania antecipou o calend\u00e1rio anual de pagamento do Aux\u00edlio Brasil, de forma a viabilizar o pagamento de R$ 600 para o benef\u00edcio j\u00e1 no m\u00eas de agosto. A medida consta da Instru\u00e7\u00e3o Normativa n\u00ba 18, publicada no&nbsp;Di\u00e1rio Oficial da Uni\u00e3o&nbsp;de hoje (25). O calend\u00e1rio com as datas de pagamento foi disponibilizado no [&hellip;]<\/p>\n","protected":false},"author":1,"featured_media":37001,"comment_status":"open","ping_status":"open","sticky":false,"template":"","format":"standard","meta":{"beyondwords_generate_audio":"","beyondwords_project_id":"","beyondwords_podcast_id":"","beyondwords_hash":"","beyondwords_error_message":"","beyondwords_disabled":"","publish_post_to_speechkit":"","speechkit_generate_audio":"","speechkit_project_id":"","speechkit_podcast_id":"","speechkit_hash":"","speechkit_error_message":"","speechkit_disabled":"","speechkit_access_key":"","speechkit_error":"","speechkit_info":"","speechkit_response":"","speechkit_retries":"","_speechkit_link":"","_speechkit_text":""},"categories":[516,134],"tags":[7463,2647,1093,2892,3644,458,4110,425],"jetpack_featured_media_url":"","_links":{"self":[{"href":"https:\/\/pinews.com.br\/index.php\/wp-json\/wp\/v2\/posts\/37000"}],"collection":[{"href":"https:\/\/pinews.com.br\/index.php\/wp-json\/wp\/v2\/posts"}],"about":[{"href":"https:\/\/pinews.com.br\/index.php\/wp-json\/wp\/v2\/types\/post"}],"author":[{"embeddable":true,"href":"https:\/\/pinews.com.br\/index.php\/wp-json\/wp\/v2\/users\/1"}],"replies":[{"embeddable":true,"href":"https:\/\/pinews.com.br\/index.php\/wp-json\/wp\/v2\/comments?post=37000"}],"version-history":[{"count":0,"href":"https:\/\/pinews.com.br\/index.php\/wp-json\/wp\/v2\/posts\/37000\/revisions"}],"wp:featuredmedia":[{"embeddable":true,"href":"https:\/\/pinews.com.br\/index.php\/wp-json\/"}],"wp:attachment":[{"href":"https:\/\/pinews.com.br\/index.php\/wp-json\/wp\/v2\/media?parent=37000"}],"wp:term":[{"taxonomy":"category","embeddable":true,"href":"https:\/\/pinews.com.br\/index.php\/wp-json\/wp\/v2\/categories?post=37000"},{"taxonomy":"post_tag","embeddable":true,"href":"https:\/\/pinews.com.br\/index.php\/wp-json\/wp\/v2\/tags?post=37000"}],"curies":[{"name":"wp","href":"https:\/\/api.w.org\/{rel}","templated":true}]}}