{"id":37012,"date":"2022-07-25T18:32:20","date_gmt":"2022-07-25T21:32:20","guid":{"rendered":"https:\/\/pinews.com.br\/?p=37012"},"modified":"2022-07-25T18:32:20","modified_gmt":"2022-07-25T21:32:20","slug":"sem-melhora-mae-de-crianca-de-2-anos-internada-no-hospital-de-picos-cobra-transferencia","status":"publish","type":"post","link":"https:\/\/pinews.com.br\/index.php\/2022\/07\/25\/sem-melhora-mae-de-crianca-de-2-anos-internada-no-hospital-de-picos-cobra-transferencia\/","title":{"rendered":"Sem melhora, m\u00e3e de crian\u00e7a de 2 anos internada no Hospital de Picos cobra transfer\u00eancia"},"content":{"rendered":"\n<p>Nesta segunda-feira (25) a reportagem do Cidadeverde.com\/picos foi procurada sobre o caso de uma crian\u00e7a de 02 anos que est\u00e1 internada no Hospital Regional Justino Luz e n\u00e3o tem melhora no quadro de sa\u00fade. A fam\u00edlia tem cobrado transfer\u00eancia para outra unidade de sa\u00fade.<\/p>\n\n\n\n<p>A m\u00e3e da crian\u00e7a, Rayanne Teixeira Mota, explicou que a filha deu entrada no Hospital de Picos na \u00faltima sexta-feira (22) com quadro de empola\u00e7\u00e3o, coceira e dor pelo corpo.&nbsp;<\/p>\n\n\n\n<p>\u201cEstamos aqui desde sexta-feira e n\u00e3o estou vendo melhora. Vamos atr\u00e1s de m\u00e9dico diz que s\u00f3 vem no outro dia, n\u00e3o deixa telefone pra gente ligar e minha filha n\u00e3o tem melhora. J\u00e1 suspenderam medica\u00e7\u00e3o, o diagn\u00f3stico \u00e9 de uma infec\u00e7\u00e3o no sangue e urtic\u00e1ria, mas at\u00e9 o momento n\u00e3o tenho muita informa\u00e7\u00e3o\u201d, disse a m\u00e3e.<\/p>\n\n\n\n<p><img decoding=\"async\" src=\"https:\/\/cidadeverde.com\/assets\/uploads\/noticias\/15ced3bd05f31bce269527ae05970335.JPG\">Crian\u00e7a tem apresentado muita coceira no corpo\/ Foto: Reprodu\u00e7\u00e3o <\/p>\n\n\n\n<p>A fam\u00edlia que reside na zona rural de Pimenteiras cobra transfer\u00eancia da menina para outra unidade de sa\u00fade.<\/p>\n\n\n\n<p>\u201cEu queria tentar a transfer\u00eancia porque o sofrimento \u00e9 grande e n\u00e3o percebo melhora. Ficamos aguardando a passagem do pediatra. J\u00e1 suspenderam medica\u00e7\u00e3o e acabamos sem entender\u201d, frisa a m\u00e3e.<\/p>\n\n\n\n<p>Rayanne Teixeira Mota explicou que devido a falta de medica\u00e7\u00e3o no Hospital, um problema que tem atingido v\u00e1rios hospitais em todo o pa\u00eds, foi necess\u00e1rio comprar os itens para tratamento da filha.<\/p>\n\n\n\n<p>O Cidadeverde.com\/picos procurou a assessoria de Comunica\u00e7\u00e3o do Hospital, mas ainda n\u00e3o obtivemos retorno. O espa\u00e7o fica aberto para maiores esclarecimentos.<\/p>\n\n\n\n<p><strong>Fonte: Paula Monize\/ Cidade Verde <\/strong><\/p>\n","protected":false},"excerpt":{"rendered":"<p>Nesta segunda-feira (25) a reportagem do Cidadeverde.com\/picos foi procurada sobre o caso de uma crian\u00e7a de 02 anos que est\u00e1 internada no Hospital Regional Justino Luz e n\u00e3o tem melhora no quadro de sa\u00fade. A fam\u00edlia tem cobrado transfer\u00eancia para outra unidade de sa\u00fade. A m\u00e3e da crian\u00e7a, Rayanne Teixeira Mota, explicou que a filha [&hellip;]<\/p>\n","protected":false},"author":1,"featured_media":37013,"comment_status":"open","ping_status":"open","sticky":false,"template":"","format":"standard","meta":{"beyondwords_generate_audio":"","beyondwords_project_id":"","beyondwords_podcast_id":"","beyondwords_hash":"","beyondwords_error_message":"","beyondwords_disabled":"","publish_post_to_speechkit":"","speechkit_generate_audio":"","speechkit_project_id":"","speechkit_podcast_id":"","speechkit_hash":"","speechkit_error_message":"","speechkit_disabled":"","speechkit_access_key":"","speechkit_error":"","speechkit_info":"","speechkit_response":"","speechkit_retries":"","_speechkit_link":"","_speechkit_text":""},"categories":[51,126],"tags":[82,1336,221,44,339,5698,117,7284,125,975,8753],"jetpack_featured_media_url":"","_links":{"self":[{"href":"https:\/\/pinews.com.br\/index.php\/wp-json\/wp\/v2\/posts\/37012"}],"collection":[{"href":"https:\/\/pinews.com.br\/index.php\/wp-json\/wp\/v2\/posts"}],"about":[{"href":"https:\/\/pinews.com.br\/index.php\/wp-json\/wp\/v2\/types\/post"}],"author":[{"embeddable":true,"href":"https:\/\/pinews.com.br\/index.php\/wp-json\/wp\/v2\/users\/1"}],"replies":[{"embeddable":true,"href":"https:\/\/pinews.com.br\/index.php\/wp-json\/wp\/v2\/comments?post=37012"}],"version-history":[{"count":0,"href":"https:\/\/pinews.com.br\/index.php\/wp-json\/wp\/v2\/posts\/37012\/revisions"}],"wp:featuredmedia":[{"embeddable":true,"href":"https:\/\/pinews.com.br\/index.php\/wp-json\/"}],"wp:attachment":[{"href":"https:\/\/pinews.com.br\/index.php\/wp-json\/wp\/v2\/media?parent=37012"}],"wp:term":[{"taxonomy":"category","embeddable":true,"href":"https:\/\/pinews.com.br\/index.php\/wp-json\/wp\/v2\/categories?post=37012"},{"taxonomy":"post_tag","embeddable":true,"href":"https:\/\/pinews.com.br\/index.php\/wp-json\/wp\/v2\/tags?post=37012"}],"curies":[{"name":"wp","href":"https:\/\/api.w.org\/{rel}","templated":true}]}}