{"id":37106,"date":"2022-07-27T20:09:56","date_gmt":"2022-07-27T23:09:56","guid":{"rendered":"https:\/\/pinews.com.br\/?p=37106"},"modified":"2022-07-27T20:09:56","modified_gmt":"2022-07-27T23:09:56","slug":"onibus-escolar-destroi-calcadas-de-lojas-apos-motorista-perder-o-controle-da-direcao-no-piaui","status":"publish","type":"post","link":"https:\/\/pinews.com.br\/index.php\/2022\/07\/27\/onibus-escolar-destroi-calcadas-de-lojas-apos-motorista-perder-o-controle-da-direcao-no-piaui\/","title":{"rendered":"\u00d4nibus escolar destr\u00f3i cal\u00e7adas de lojas ap\u00f3s  motorista perder o controle da dire\u00e7\u00e3o no Piau\u00ed"},"content":{"rendered":"\n<p>Um \u00f4nibus escolar destruiu a cal\u00e7ada de dois estabelecimentos comerciais na tarde desta quarta-feira (27) perder o controle o controle da dire\u00e7\u00e3o do ve\u00edculo. O acidente ocorreu na Rua 15 de Novembro, no bairro Morada Nova, Zona Sul de Teresina. N\u00e3o houveram feridos, apenas danos materiais.<\/p>\n\n\n\n<p>A dona de uma das lojas atingidas pelo \u00f4nibus, Vanessa Cardoso, relatou que o ve\u00edculo desviou de um carro de passeio e subiu nas cal\u00e7adas. O \u00f4nibus chegou a danificar parte do letreiro de um dos estabelecimentos.<\/p>\n\n\n\n<blockquote class=\"wp-block-quote\"><p>\u201cO motorista parecia embriagado ou em surto psic\u00f3tico, n\u00e3o sabemos, e o estrago ficou. O representante da empresa veio aqui e se responsabilizou a pagar por tudo e levaram o \u00f4nibus\u201d, afirmou Vanessa.<\/p><\/blockquote>\n\n\n\n<figure class=\"wp-block-image\"><img decoding=\"async\" src=\"https:\/\/s2.glbimg.com\/WVGmv7NQt74JE9zpwM-jCuHJI58=\/0x0:1040x780\/984x0\/smart\/filters:strip_icc()\/i.s3.glbimg.com\/v1\/AUTH_59edd422c0c84a879bd37670ae4f538a\/internal_photos\/bs\/2022\/i\/x\/j7ddBhRSOnie1shebymw\/whatsapp-image-2022-07-27-at-16.01.39.jpeg\" alt=\"\u00d4nibus escolar destr\u00f3i cal\u00e7ada de lojas ap\u00f3s motorista perder o controle da dire\u00e7\u00e3o na Zona Sul de Teresina \u2014 Foto: Fernando Oliveira \/g1\"\/><figcaption>\u00d4nibus escolar destr\u00f3i cal\u00e7ada de lojas ap\u00f3s motorista perder o controle da dire\u00e7\u00e3o na Zona Sul de Teresina \u2014 Foto: Fernando Oliveira \/g1<\/figcaption><\/figure>\n\n\n\n<p>A empres\u00e1ria informou que, segundo a empresa respons\u00e1vel pelo \u00f4nibus escolar, o motorista foi contratado h\u00e1 dois meses e, durante o acidente, ele n\u00e3o estava no hor\u00e1rio de trabalho.<\/p>\n\n\n\n<p>A Pol\u00edcia Militar do Piau\u00ed foi acionada e conduziu o motorista para a Central de Flagrantes.<\/p>\n\n\n\n<p><strong>Fonte: G1 Pl <\/strong><\/p>\n","protected":false},"excerpt":{"rendered":"<p>Um \u00f4nibus escolar destruiu a cal\u00e7ada de dois estabelecimentos comerciais na tarde desta quarta-feira (27) perder o controle o controle da dire\u00e7\u00e3o do ve\u00edculo. O acidente ocorreu na Rua 15 de Novembro, no bairro Morada Nova, Zona Sul de Teresina. N\u00e3o houveram feridos, apenas danos materiais. A dona de uma das lojas atingidas pelo \u00f4nibus, [&hellip;]<\/p>\n","protected":false},"author":1,"featured_media":37107,"comment_status":"open","ping_status":"open","sticky":false,"template":"","format":"standard","meta":{"beyondwords_generate_audio":"","beyondwords_project_id":"","beyondwords_podcast_id":"","beyondwords_hash":"","beyondwords_error_message":"","beyondwords_disabled":"","publish_post_to_speechkit":"","speechkit_generate_audio":"","speechkit_project_id":"","speechkit_podcast_id":"","speechkit_hash":"","speechkit_error_message":"","speechkit_disabled":"","speechkit_access_key":"","speechkit_error":"","speechkit_info":"","speechkit_response":"","speechkit_retries":"","_speechkit_link":"","_speechkit_text":""},"categories":[51,81],"tags":[70,10588,730,122,44,546,8137,7657,2261,58,301,5797,52],"jetpack_featured_media_url":"","_links":{"self":[{"href":"https:\/\/pinews.com.br\/index.php\/wp-json\/wp\/v2\/posts\/37106"}],"collection":[{"href":"https:\/\/pinews.com.br\/index.php\/wp-json\/wp\/v2\/posts"}],"about":[{"href":"https:\/\/pinews.com.br\/index.php\/wp-json\/wp\/v2\/types\/post"}],"author":[{"embeddable":true,"href":"https:\/\/pinews.com.br\/index.php\/wp-json\/wp\/v2\/users\/1"}],"replies":[{"embeddable":true,"href":"https:\/\/pinews.com.br\/index.php\/wp-json\/wp\/v2\/comments?post=37106"}],"version-history":[{"count":0,"href":"https:\/\/pinews.com.br\/index.php\/wp-json\/wp\/v2\/posts\/37106\/revisions"}],"wp:featuredmedia":[{"embeddable":true,"href":"https:\/\/pinews.com.br\/index.php\/wp-json\/"}],"wp:attachment":[{"href":"https:\/\/pinews.com.br\/index.php\/wp-json\/wp\/v2\/media?parent=37106"}],"wp:term":[{"taxonomy":"category","embeddable":true,"href":"https:\/\/pinews.com.br\/index.php\/wp-json\/wp\/v2\/categories?post=37106"},{"taxonomy":"post_tag","embeddable":true,"href":"https:\/\/pinews.com.br\/index.php\/wp-json\/wp\/v2\/tags?post=37106"}],"curies":[{"name":"wp","href":"https:\/\/api.w.org\/{rel}","templated":true}]}}