{"id":37157,"date":"2022-07-29T11:47:08","date_gmt":"2022-07-29T14:47:08","guid":{"rendered":"https:\/\/pinews.com.br\/?p=37157"},"modified":"2022-07-29T11:47:08","modified_gmt":"2022-07-29T14:47:08","slug":"funcionario-da-coleta-de-lixo-e-baleado-e-morto-enquanto-trabalhava-no-piaui","status":"publish","type":"post","link":"https:\/\/pinews.com.br\/index.php\/2022\/07\/29\/funcionario-da-coleta-de-lixo-e-baleado-e-morto-enquanto-trabalhava-no-piaui\/","title":{"rendered":"Funcion\u00e1rio da coleta de lixo \u00e9 baleado e morto enquanto trabalhava no Piau\u00ed"},"content":{"rendered":"\n<p>Um funcion\u00e1rio do servi\u00e7o de limpeza urbana de Teresina chamado Jos\u00e9 Alves Carvalho Filho, de 22 anos, foi assassinado a tiros enquanto trabalhava durante a noite de quinta-feira (28), no bairro Parque Alvorada, na Zona Norte.<\/p>\n\n\n\n<p>Em nota, a Secretaria Municipal de Desenvolvimento Urbano e Habitacional (Semduh) informou que Jos\u00e9 Alves era contratado pelo Cons\u00f3rcio Teresina Ambiental, e que est\u00e1 prestando assist\u00eancia \u00e0 fam\u00edlia dele.<\/p>\n\n\n\n<p>Segundo a Pol\u00edcia Militar, o rapaz trabalhava em um dos caminh\u00f5es de lixo. &#8220;Ele era um dos que seguiam na frente do caminh\u00e3o, organizando os sacos para serem jogados&#8221;, explicou o tenente-coronel Lacerda, comandante do 9\u00ba BPM.<\/p>\n\n\n\n<p>Quando passavam pela rua Padre Mateus, dois homens em uma bicicleta pararam pr\u00f3ximo a ele e atiraram v\u00e1rias vezes contra ele.<\/p>\n\n\n\n<p>O rapaz foi atingido e faleceu ainda no local do crime. Os policiais militares foram acionados em seguida, e isolaram o local para o trabalho da Pol\u00edcia T\u00e9cnico Cient\u00edfica.<\/p>\n\n\n\n<p>Ainda segundo a PM, o rapaz n\u00e3o teve nenhum objeto ou documento roubado. O caso deve ser investigado pelo Departamento de Homic\u00eddios e Prote\u00e7\u00e3o \u00e0 Pessoa (DHPP).<\/p>\n\n\n\n<p><strong>Leia abaixo a nota da Semduh na \u00edntegra:<\/strong><\/p>\n\n\n\n<p><em>NOTA<\/em><\/p>\n\n\n\n<p><em>A Prefeitura de Teresina, por meio da SEMDUH, informa que est\u00e1 prestando assist\u00eancia \u00e0 fam\u00edlia do gari Jos\u00e9 Alves de Carvalho Filho que foi morto na noite desta quarta-feira (28), enquanto trabalhava em um dos caminh\u00f5es da CTA, empresa respons\u00e1vel pela coleta domiciliar de lixo na cidade.<\/em><\/p>\n\n\n\n<p><em>O crime aconteceu na regi\u00e3o do Bairro Parque Alvorada, zona Norte de Teresina. Segundo informa\u00e7\u00f5es da CTA, a v\u00edtima tinha acabado de completar 22 anos e estava contratado como coletor.<\/em><\/p>\n\n\n\n<p><em>A SEMDUH acrescenta que a Pol\u00edcia Civil est\u00e1 investigando o caso e que a Prefeitura e a CTA est\u00e3o colaborando com as investiga\u00e7\u00f5es.<\/em><\/p>\n\n\n\n<p><strong>Fonte: G1 Pl <\/strong><\/p>\n","protected":false},"excerpt":{"rendered":"<p>Um funcion\u00e1rio do servi\u00e7o de limpeza urbana de Teresina chamado Jos\u00e9 Alves Carvalho Filho, de 22 anos, foi assassinado a tiros enquanto trabalhava durante a noite de quinta-feira (28), no bairro Parque Alvorada, na Zona Norte. Em nota, a Secretaria Municipal de Desenvolvimento Urbano e Habitacional (Semduh) informou que Jos\u00e9 Alves era contratado pelo Cons\u00f3rcio [&hellip;]<\/p>\n","protected":false},"author":1,"featured_media":37158,"comment_status":"open","ping_status":"open","sticky":false,"template":"","format":"standard","meta":{"beyondwords_generate_audio":"","beyondwords_project_id":"","beyondwords_podcast_id":"","beyondwords_hash":"","beyondwords_error_message":"","beyondwords_disabled":"","publish_post_to_speechkit":"","speechkit_generate_audio":"","speechkit_project_id":"","speechkit_podcast_id":"","speechkit_hash":"","speechkit_error_message":"","speechkit_disabled":"","speechkit_access_key":"","speechkit_error":"","speechkit_info":"","speechkit_response":"","speechkit_retries":"","_speechkit_link":"","_speechkit_text":""},"categories":[51,78,81],"tags":[854,8480,122,44,72,510,74,7688,197,52,512],"jetpack_featured_media_url":"","_links":{"self":[{"href":"https:\/\/pinews.com.br\/index.php\/wp-json\/wp\/v2\/posts\/37157"}],"collection":[{"href":"https:\/\/pinews.com.br\/index.php\/wp-json\/wp\/v2\/posts"}],"about":[{"href":"https:\/\/pinews.com.br\/index.php\/wp-json\/wp\/v2\/types\/post"}],"author":[{"embeddable":true,"href":"https:\/\/pinews.com.br\/index.php\/wp-json\/wp\/v2\/users\/1"}],"replies":[{"embeddable":true,"href":"https:\/\/pinews.com.br\/index.php\/wp-json\/wp\/v2\/comments?post=37157"}],"version-history":[{"count":0,"href":"https:\/\/pinews.com.br\/index.php\/wp-json\/wp\/v2\/posts\/37157\/revisions"}],"wp:featuredmedia":[{"embeddable":true,"href":"https:\/\/pinews.com.br\/index.php\/wp-json\/"}],"wp:attachment":[{"href":"https:\/\/pinews.com.br\/index.php\/wp-json\/wp\/v2\/media?parent=37157"}],"wp:term":[{"taxonomy":"category","embeddable":true,"href":"https:\/\/pinews.com.br\/index.php\/wp-json\/wp\/v2\/categories?post=37157"},{"taxonomy":"post_tag","embeddable":true,"href":"https:\/\/pinews.com.br\/index.php\/wp-json\/wp\/v2\/tags?post=37157"}],"curies":[{"name":"wp","href":"https:\/\/api.w.org\/{rel}","templated":true}]}}