{"id":37186,"date":"2022-07-30T11:34:06","date_gmt":"2022-07-30T14:34:06","guid":{"rendered":"https:\/\/pinews.com.br\/?p=37186"},"modified":"2022-07-30T11:34:06","modified_gmt":"2022-07-30T14:34:06","slug":"fiacao-rompe-e-provoca-incendio-em-terreno-baldio-no-piaui","status":"publish","type":"post","link":"https:\/\/pinews.com.br\/index.php\/2022\/07\/30\/fiacao-rompe-e-provoca-incendio-em-terreno-baldio-no-piaui\/","title":{"rendered":"Fia\u00e7\u00e3o rompe e provoca inc\u00eandio em terreno baldio no Piau\u00ed"},"content":{"rendered":"\n<p>Um inc\u00eandio atingiu um terreno baldio na tarde desta sexta-feira (30) no bairro Vale Quem Tem, Zona Leste de&nbsp;Teresina. O fogo foi provocado pelas fa\u00edscas de um fio que se rompeu.<\/p>\n\n\n\n<p>A Equatorial Piau\u00ed enviou equipes at\u00e9 o local, que por seguran\u00e7a desligou a rede de energia para reparos. O bairro encontra-se sem energia e a empresa n\u00e3o deu previs\u00e3o para o retorno do servi\u00e7o.<\/p>\n\n\n\n<p>V\u00eddeos feitos por moradores mostram o fogo consumindo a vegeta\u00e7\u00e3o do terreno baldio. Ao g1, o Corpo de Bombeiros informou que n\u00e3o foi acionado para atender a ocorr\u00eancia.<\/p>\n\n\n\n<h2>Nota da Equatorial<\/h2>\n\n\n\n<p>A<em>&nbsp;Equatorial Piau\u00ed esclarece que a ocorr\u00eancia registrada na regi\u00e3o do Vale Quem Tem, zona leste de Teresina, e a interrup\u00e7\u00e3o no fornecimento n\u00e3o tem rela\u00e7\u00e3o com o inc\u00eandio registrado na regi\u00e3o. Equipes da distribuidora est\u00e3o atuando no local para identificar a causa e restabelecer o fornecimento de energia.<\/em><\/p>\n\n\n\n<p><strong>Fonte: G1 Pl <\/strong><\/p>\n","protected":false},"excerpt":{"rendered":"<p>Um inc\u00eandio atingiu um terreno baldio na tarde desta sexta-feira (30) no bairro Vale Quem Tem, Zona Leste de&nbsp;Teresina. O fogo foi provocado pelas fa\u00edscas de um fio que se rompeu. A Equatorial Piau\u00ed enviou equipes at\u00e9 o local, que por seguran\u00e7a desligou a rede de energia para reparos. O bairro encontra-se sem energia e [&hellip;]<\/p>\n","protected":false},"author":1,"featured_media":37187,"comment_status":"open","ping_status":"open","sticky":false,"template":"","format":"standard","meta":{"beyondwords_generate_audio":"","beyondwords_project_id":"","beyondwords_podcast_id":"","beyondwords_hash":"","beyondwords_error_message":"","beyondwords_disabled":"","publish_post_to_speechkit":"","speechkit_generate_audio":"","speechkit_project_id":"","speechkit_podcast_id":"","speechkit_hash":"","speechkit_error_message":"","speechkit_disabled":"","speechkit_access_key":"","speechkit_error":"","speechkit_info":"","speechkit_response":"","speechkit_retries":"","_speechkit_link":"","_speechkit_text":""},"categories":[51,81],"tags":[1013,46,1944,547,52,6566,5345,1016],"jetpack_featured_media_url":"","_links":{"self":[{"href":"https:\/\/pinews.com.br\/index.php\/wp-json\/wp\/v2\/posts\/37186"}],"collection":[{"href":"https:\/\/pinews.com.br\/index.php\/wp-json\/wp\/v2\/posts"}],"about":[{"href":"https:\/\/pinews.com.br\/index.php\/wp-json\/wp\/v2\/types\/post"}],"author":[{"embeddable":true,"href":"https:\/\/pinews.com.br\/index.php\/wp-json\/wp\/v2\/users\/1"}],"replies":[{"embeddable":true,"href":"https:\/\/pinews.com.br\/index.php\/wp-json\/wp\/v2\/comments?post=37186"}],"version-history":[{"count":0,"href":"https:\/\/pinews.com.br\/index.php\/wp-json\/wp\/v2\/posts\/37186\/revisions"}],"wp:featuredmedia":[{"embeddable":true,"href":"https:\/\/pinews.com.br\/index.php\/wp-json\/"}],"wp:attachment":[{"href":"https:\/\/pinews.com.br\/index.php\/wp-json\/wp\/v2\/media?parent=37186"}],"wp:term":[{"taxonomy":"category","embeddable":true,"href":"https:\/\/pinews.com.br\/index.php\/wp-json\/wp\/v2\/categories?post=37186"},{"taxonomy":"post_tag","embeddable":true,"href":"https:\/\/pinews.com.br\/index.php\/wp-json\/wp\/v2\/tags?post=37186"}],"curies":[{"name":"wp","href":"https:\/\/api.w.org\/{rel}","templated":true}]}}