{"id":37298,"date":"2022-08-02T12:06:00","date_gmt":"2022-08-02T15:06:00","guid":{"rendered":"https:\/\/pinews.com.br\/?p=37298"},"modified":"2022-08-02T12:06:00","modified_gmt":"2022-08-02T15:06:00","slug":"homem-morre-e-mulher-e-levada-ao-hospital-em-estado-grave-apos-colisao-no-piaui","status":"publish","type":"post","link":"https:\/\/pinews.com.br\/index.php\/2022\/08\/02\/homem-morre-e-mulher-e-levada-ao-hospital-em-estado-grave-apos-colisao-no-piaui\/","title":{"rendered":"Homem morre e mulher \u00e9 levada ao hospital em estado grave ap\u00f3s colis\u00e3o no Piau\u00ed"},"content":{"rendered":"\n<p>Valterli da Concei\u00e7\u00e3o Ferreira Parga, 23 anos, morreu em um acidente de tr\u00e2nsito registrado por volta das 23h45 desta segunda-feira (01\/08), e uma mulher, de identidade desconhecida, saiu gravemente ferida. A colis\u00e3o entre carro e moto ocorreu em um sinal de tr\u00e2nsito entre as ruas Valter Alencar e Bar\u00e3o de Castelo, bairro S\u00e3o Pedro, Zona Sul de Teresina.<\/p>\n\n\n\n<p>A batida foi entre uma motocicleta Fan, cor vermelha, e um Prisma preto. A din\u00e2mica da colis\u00e3o ainda \u00e9 inconclusa, por\u00e9m, uma das duas v\u00edtimas teria invadido o sinal. O Prisma chegou a bater em uma estrutura no canteiro da rua e subiu uma cal\u00e7ada. O motoqueiro foi arremessado e parou embaixo do carro. Devido o forte impacto, a dianteira do ve\u00edculo ficou totalmente destru\u00eddo.<\/p>\n\n\n\n<p>Policiais do Batalh\u00e3o de Tr\u00e2nsito da PM foram acionados para isolar o local e realizar a per\u00edcia. Inicialmente militares do Corpo de Bombeiros estiveram no local e os profissionais do Servi\u00e7o de Atendimento M\u00f3vel de Urg\u00eancia (SAMU) prestaram socorro \u00e0 mulher, encaminhando-na ao Hospital de Urg\u00eancia de Teresina.<\/p>\n\n\n\n<p>Os removedores do Instituto M\u00e9dico Legal (IML) recolheram o corpo de Valterli, de onde deve ser liberado ap\u00f3s os procedimentos necess\u00e1rios para que a fam\u00edlia enlutada realize os ritos f\u00fanebres costumeiros.<\/p>\n\n\n\n<p><strong>Fonte: RP50<\/strong><\/p>\n","protected":false},"excerpt":{"rendered":"<p>Valterli da Concei\u00e7\u00e3o Ferreira Parga, 23 anos, morreu em um acidente de tr\u00e2nsito registrado por volta das 23h45 desta segunda-feira (01\/08), e uma mulher, de identidade desconhecida, saiu gravemente ferida. A colis\u00e3o entre carro e moto ocorreu em um sinal de tr\u00e2nsito entre as ruas Valter Alencar e Bar\u00e3o de Castelo, bairro S\u00e3o Pedro, Zona [&hellip;]<\/p>\n","protected":false},"author":1,"featured_media":37299,"comment_status":"open","ping_status":"open","sticky":false,"template":"","format":"standard","meta":{"beyondwords_generate_audio":"","beyondwords_project_id":"","beyondwords_podcast_id":"","beyondwords_hash":"","beyondwords_error_message":"","beyondwords_disabled":"","publish_post_to_speechkit":"","speechkit_generate_audio":"","speechkit_project_id":"","speechkit_podcast_id":"","speechkit_hash":"","speechkit_error_message":"","speechkit_disabled":"","speechkit_access_key":"","speechkit_error":"","speechkit_info":"","speechkit_response":"","speechkit_retries":"","_speechkit_link":"","_speechkit_text":""},"categories":[51,81],"tags":[132,70,10607,72,46,1015,404,84,339,1074,119,135,52],"jetpack_featured_media_url":"","_links":{"self":[{"href":"https:\/\/pinews.com.br\/index.php\/wp-json\/wp\/v2\/posts\/37298"}],"collection":[{"href":"https:\/\/pinews.com.br\/index.php\/wp-json\/wp\/v2\/posts"}],"about":[{"href":"https:\/\/pinews.com.br\/index.php\/wp-json\/wp\/v2\/types\/post"}],"author":[{"embeddable":true,"href":"https:\/\/pinews.com.br\/index.php\/wp-json\/wp\/v2\/users\/1"}],"replies":[{"embeddable":true,"href":"https:\/\/pinews.com.br\/index.php\/wp-json\/wp\/v2\/comments?post=37298"}],"version-history":[{"count":0,"href":"https:\/\/pinews.com.br\/index.php\/wp-json\/wp\/v2\/posts\/37298\/revisions"}],"wp:featuredmedia":[{"embeddable":true,"href":"https:\/\/pinews.com.br\/index.php\/wp-json\/"}],"wp:attachment":[{"href":"https:\/\/pinews.com.br\/index.php\/wp-json\/wp\/v2\/media?parent=37298"}],"wp:term":[{"taxonomy":"category","embeddable":true,"href":"https:\/\/pinews.com.br\/index.php\/wp-json\/wp\/v2\/categories?post=37298"},{"taxonomy":"post_tag","embeddable":true,"href":"https:\/\/pinews.com.br\/index.php\/wp-json\/wp\/v2\/tags?post=37298"}],"curies":[{"name":"wp","href":"https:\/\/api.w.org\/{rel}","templated":true}]}}