{"id":37304,"date":"2022-08-02T12:15:22","date_gmt":"2022-08-02T15:15:22","guid":{"rendered":"https:\/\/pinews.com.br\/?p=37304"},"modified":"2022-08-02T12:15:22","modified_gmt":"2022-08-02T15:15:22","slug":"acusado-de-matar-homem-com-espeto-de-ferro-e-condenado-a-20-anos-de-prisao-em-picos","status":"publish","type":"post","link":"https:\/\/pinews.com.br\/index.php\/2022\/08\/02\/acusado-de-matar-homem-com-espeto-de-ferro-e-condenado-a-20-anos-de-prisao-em-picos\/","title":{"rendered":"Acusado de matar homem com espeto de ferro \u00e9 condenado a 20 anos de pris\u00e3o em Picos"},"content":{"rendered":"\n<p>O Tribunal do J\u00fari condenou Jefferson Marcondes da Silva h\u00e1 20 anos e cinco meses de pris\u00e3o pelo assassinato de Gilmar Marcos de Azevedo, com um espeto de ferro, em Picos em mar\u00e7o de 2019. O julgamento ocorreu na comarca do munic\u00edpio na semana passada.<\/p>\n\n\n\n<p>De acordo com a senten\u00e7a, no dia 21 de mar\u00e7o de 2019, pr\u00f3ximo a um bar, localizado no Bairro Belo Norte, em Picos, a v\u00edtima foi ferida com golpes de espeto de ferro, ocasionando sua morte.<\/p>\n\n\n\n<p>Jefferson Marcondes foi condenado por homic\u00eddio duplamente qualificado com emprego de meio cruel e emboscada. Os delitos praticados pelo condenado est\u00e3o previstos no artigo 121, \u00a7 2\u00ba, III e IV, do C\u00f3digo Penal.<\/p>\n\n\n\n<p>A senten\u00e7a determinou tamb\u00e9m o regime inicial fechado para cumprimento da pena.<\/p>\n\n\n\n<p>Participaram da sess\u00e3o os promotores de Justi\u00e7a Jess\u00e9 Mineiro e Cleyton da Costa e Silva e a ju\u00edza Nilcimar Rodrigues de Ara\u00fajo Carvalho, presidente do Tribunal do J\u00fari.<\/p>\n\n\n\n<p><strong>Fonte: G1 PI <\/strong><\/p>\n","protected":false},"excerpt":{"rendered":"<p>O Tribunal do J\u00fari condenou Jefferson Marcondes da Silva h\u00e1 20 anos e cinco meses de pris\u00e3o pelo assassinato de Gilmar Marcos de Azevedo, com um espeto de ferro, em Picos em mar\u00e7o de 2019. O julgamento ocorreu na comarca do munic\u00edpio na semana passada. De acordo com a senten\u00e7a, no dia 21 de mar\u00e7o [&hellip;]<\/p>\n","protected":false},"author":1,"featured_media":37305,"comment_status":"open","ping_status":"open","sticky":false,"template":"","format":"standard","meta":{"beyondwords_generate_audio":"","beyondwords_project_id":"","beyondwords_podcast_id":"","beyondwords_hash":"","beyondwords_error_message":"","beyondwords_disabled":"","publish_post_to_speechkit":"","speechkit_generate_audio":"","speechkit_project_id":"","speechkit_podcast_id":"","speechkit_hash":"","speechkit_error_message":"","speechkit_disabled":"","speechkit_access_key":"","speechkit_error":"","speechkit_info":"","speechkit_response":"","speechkit_retries":"","_speechkit_link":"","_speechkit_text":""},"categories":[124,51,126,78],"tags":[208,1273,82,474,44,72,46,2173,1280,84,85,125,670],"jetpack_featured_media_url":"","_links":{"self":[{"href":"https:\/\/pinews.com.br\/index.php\/wp-json\/wp\/v2\/posts\/37304"}],"collection":[{"href":"https:\/\/pinews.com.br\/index.php\/wp-json\/wp\/v2\/posts"}],"about":[{"href":"https:\/\/pinews.com.br\/index.php\/wp-json\/wp\/v2\/types\/post"}],"author":[{"embeddable":true,"href":"https:\/\/pinews.com.br\/index.php\/wp-json\/wp\/v2\/users\/1"}],"replies":[{"embeddable":true,"href":"https:\/\/pinews.com.br\/index.php\/wp-json\/wp\/v2\/comments?post=37304"}],"version-history":[{"count":0,"href":"https:\/\/pinews.com.br\/index.php\/wp-json\/wp\/v2\/posts\/37304\/revisions"}],"wp:featuredmedia":[{"embeddable":true,"href":"https:\/\/pinews.com.br\/index.php\/wp-json\/"}],"wp:attachment":[{"href":"https:\/\/pinews.com.br\/index.php\/wp-json\/wp\/v2\/media?parent=37304"}],"wp:term":[{"taxonomy":"category","embeddable":true,"href":"https:\/\/pinews.com.br\/index.php\/wp-json\/wp\/v2\/categories?post=37304"},{"taxonomy":"post_tag","embeddable":true,"href":"https:\/\/pinews.com.br\/index.php\/wp-json\/wp\/v2\/tags?post=37304"}],"curies":[{"name":"wp","href":"https:\/\/api.w.org\/{rel}","templated":true}]}}