{"id":37319,"date":"2022-08-02T20:40:56","date_gmt":"2022-08-02T23:40:56","guid":{"rendered":"https:\/\/pinews.com.br\/?p=37319"},"modified":"2022-08-02T20:40:56","modified_gmt":"2022-08-02T23:40:56","slug":"cabeleireiro-e-adolescente-sao-encontrados-mortos-em-sitio","status":"publish","type":"post","link":"https:\/\/pinews.com.br\/index.php\/2022\/08\/02\/cabeleireiro-e-adolescente-sao-encontrados-mortos-em-sitio\/","title":{"rendered":"Cabeleireiro e adolescente s\u00e3o encontrados mortos em s\u00edtio"},"content":{"rendered":"\n<p>Um cabeleireiro de 34 anos, identificado como Adriano Pereira da Silva, e um adolescente de 13 anos foram encontrados sem vida com marcas de tiros nesta ter\u00e7a-feira (02), em um s\u00edtio na zona rural de Timon, no Maranh\u00e3o.&nbsp;&nbsp;<\/p>\n\n\n\n<p>Irm\u00e3o do cabeleireiro, Andr\u00e9 Silva compareceu ao Instituto M\u00e9dico Legal (IML) para o reconhecimento do corpo. Ele informou \u00e0 imprensa que Adriano foi encontrado no local do crime com um rev\u00f3lver. \u201cEle tinha uma arma, mas n\u00e3o sei o calibre. A pistola estava pr\u00f3ximo da cintura dele\u201d, disse.&nbsp;<\/p>\n\n\n\n<p>Apesar da Pol\u00edcia Civil ainda n\u00e3o ter dados detalhes sobre o caso, Andr\u00e9 acredita que o irm\u00e3o e o adolescentes foram executados, uma vez que as duas v\u00edtimas apresentavam perfura\u00e7\u00f5es de bala na regi\u00e3o da nuca e nenhum objeto de valor foi levado do s\u00edtio.&nbsp;<\/p>\n\n\n\n<p>&#8220;Falaram para n\u00f3s que tinham um tiro na nuca de cada um, ent\u00e3o n\u00e3o tem como falar que foi tentativa de homic\u00eddio, porque n\u00e3o levaram nada da casa. A moto dele est\u00e1 l\u00e1, n\u00e3o mexeram em nada. O que o raapz do IML falou para n\u00f3s \u00e9 que foi no domingo [o assassinato], pelo estado em que est\u00e3o os corpos&#8221;, disse o irm\u00e3o da v\u00edtma.&nbsp;<\/p>\n\n\n\n<p>A investiga\u00e7\u00e3o do caso ser\u00e1 comandada pela Delegacia de Homic\u00eddios de Timon.<\/p>\n\n\n\n<p><strong>Fonte: Breno Moreno\/ Cidade Verde <\/strong><\/p>\n","protected":false},"excerpt":{"rendered":"<p>Um cabeleireiro de 34 anos, identificado como Adriano Pereira da Silva, e um adolescente de 13 anos foram encontrados sem vida com marcas de tiros nesta ter\u00e7a-feira (02), em um s\u00edtio na zona rural de Timon, no Maranh\u00e3o.&nbsp;&nbsp; Irm\u00e3o do cabeleireiro, Andr\u00e9 Silva compareceu ao Instituto M\u00e9dico Legal (IML) para o reconhecimento do corpo. Ele [&hellip;]<\/p>\n","protected":false},"author":1,"featured_media":37320,"comment_status":"open","ping_status":"open","sticky":false,"template":"","format":"standard","meta":{"beyondwords_generate_audio":"","beyondwords_project_id":"","beyondwords_podcast_id":"","beyondwords_hash":"","beyondwords_error_message":"","beyondwords_disabled":"","publish_post_to_speechkit":"","speechkit_generate_audio":"","speechkit_project_id":"","speechkit_podcast_id":"","speechkit_hash":"","speechkit_error_message":"","speechkit_disabled":"","speechkit_access_key":"","speechkit_error":"","speechkit_info":"","speechkit_response":"","speechkit_retries":"","_speechkit_link":"","_speechkit_text":""},"categories":[134,78],"tags":[177,10585,46,896,759,362,6895],"jetpack_featured_media_url":"","_links":{"self":[{"href":"https:\/\/pinews.com.br\/index.php\/wp-json\/wp\/v2\/posts\/37319"}],"collection":[{"href":"https:\/\/pinews.com.br\/index.php\/wp-json\/wp\/v2\/posts"}],"about":[{"href":"https:\/\/pinews.com.br\/index.php\/wp-json\/wp\/v2\/types\/post"}],"author":[{"embeddable":true,"href":"https:\/\/pinews.com.br\/index.php\/wp-json\/wp\/v2\/users\/1"}],"replies":[{"embeddable":true,"href":"https:\/\/pinews.com.br\/index.php\/wp-json\/wp\/v2\/comments?post=37319"}],"version-history":[{"count":0,"href":"https:\/\/pinews.com.br\/index.php\/wp-json\/wp\/v2\/posts\/37319\/revisions"}],"wp:featuredmedia":[{"embeddable":true,"href":"https:\/\/pinews.com.br\/index.php\/wp-json\/"}],"wp:attachment":[{"href":"https:\/\/pinews.com.br\/index.php\/wp-json\/wp\/v2\/media?parent=37319"}],"wp:term":[{"taxonomy":"category","embeddable":true,"href":"https:\/\/pinews.com.br\/index.php\/wp-json\/wp\/v2\/categories?post=37319"},{"taxonomy":"post_tag","embeddable":true,"href":"https:\/\/pinews.com.br\/index.php\/wp-json\/wp\/v2\/tags?post=37319"}],"curies":[{"name":"wp","href":"https:\/\/api.w.org\/{rel}","templated":true}]}}