{"id":37349,"date":"2022-08-03T17:53:09","date_gmt":"2022-08-03T20:53:09","guid":{"rendered":"https:\/\/pinews.com.br\/?p=37349"},"modified":"2022-08-03T17:53:09","modified_gmt":"2022-08-03T20:53:09","slug":"pescador-desaparece-e-familia-faz-apelo-nas-redes-sociais-para-encontra-lo","status":"publish","type":"post","link":"https:\/\/pinews.com.br\/index.php\/2022\/08\/03\/pescador-desaparece-e-familia-faz-apelo-nas-redes-sociais-para-encontra-lo\/","title":{"rendered":"Pescador desaparece e fam\u00edlia faz apelo nas redes sociais para encontr\u00e1-lo"},"content":{"rendered":"\n<p>O jovem pescador Vald\u00eanio dos Santos da Silva est\u00e1 desaparecido desde a \u00faltima segunda-feira (1\u00ba\/08) na comunidade Lagoa da Arara, zona rural de Amarante. <\/p>\n\n\n\n<p>Familiares est\u00e3o divulgando informa\u00e7\u00f5es sobre Vald\u00eanio, que tamb\u00e9m \u00e9 conhecido como Puruca, em busca de ajuda na sua localiza\u00e7\u00e3o.<\/p>\n\n\n\n<p>Informa\u00e7\u00f5es da fam\u00edlia apontam que ele foi visto na \u00faltima vez na comunidade Lagoa da Arara, por volta das 16h da \u00faltima segunda-feira (1\u00ba\/08).<\/p>\n\n\n\n<p>A fam\u00edlia informa que ele usava camisa verde e bermuda jeans. Vald\u00eanio teria sa\u00eddo para uma pescaria. \u201cAt\u00e9 agora n\u00e3o temos informa\u00e7\u00f5es\u201d, diz a fam\u00edlia em nota de apelo nas redes sociais.<\/p>\n\n\n\n<p>Qualquer informa\u00e7\u00e3o, ligar para 86 9 94757-68.<\/p>\n\n\n\n<p><strong>Fonte: 180 Graus\/ As informa\u00e7\u00f5es s\u00e3o do Somos Not\u00edcia<\/strong><\/p>\n\n\n\n<p><\/p>\n","protected":false},"excerpt":{"rendered":"<p>O jovem pescador Vald\u00eanio dos Santos da Silva est\u00e1 desaparecido desde a \u00faltima segunda-feira (1\u00ba\/08) na comunidade Lagoa da Arara, zona rural de Amarante. Familiares est\u00e3o divulgando informa\u00e7\u00f5es sobre Vald\u00eanio, que tamb\u00e9m \u00e9 conhecido como Puruca, em busca de ajuda na sua localiza\u00e7\u00e3o. Informa\u00e7\u00f5es da fam\u00edlia apontam que ele foi visto na \u00faltima vez na [&hellip;]<\/p>\n","protected":false},"author":1,"featured_media":37350,"comment_status":"open","ping_status":"open","sticky":false,"template":"","format":"standard","meta":{"beyondwords_generate_audio":"","beyondwords_project_id":"","beyondwords_podcast_id":"","beyondwords_hash":"","beyondwords_error_message":"","beyondwords_disabled":"","publish_post_to_speechkit":"","speechkit_generate_audio":"","speechkit_project_id":"","speechkit_podcast_id":"","speechkit_hash":"","speechkit_error_message":"","speechkit_disabled":"","speechkit_access_key":"","speechkit_error":"","speechkit_info":"","speechkit_response":"","speechkit_retries":"","_speechkit_link":"","_speechkit_text":""},"categories":[51],"tags":[961,1630,10611,244,963,826,350,553,429,6352],"jetpack_featured_media_url":"","_links":{"self":[{"href":"https:\/\/pinews.com.br\/index.php\/wp-json\/wp\/v2\/posts\/37349"}],"collection":[{"href":"https:\/\/pinews.com.br\/index.php\/wp-json\/wp\/v2\/posts"}],"about":[{"href":"https:\/\/pinews.com.br\/index.php\/wp-json\/wp\/v2\/types\/post"}],"author":[{"embeddable":true,"href":"https:\/\/pinews.com.br\/index.php\/wp-json\/wp\/v2\/users\/1"}],"replies":[{"embeddable":true,"href":"https:\/\/pinews.com.br\/index.php\/wp-json\/wp\/v2\/comments?post=37349"}],"version-history":[{"count":0,"href":"https:\/\/pinews.com.br\/index.php\/wp-json\/wp\/v2\/posts\/37349\/revisions"}],"wp:featuredmedia":[{"embeddable":true,"href":"https:\/\/pinews.com.br\/index.php\/wp-json\/"}],"wp:attachment":[{"href":"https:\/\/pinews.com.br\/index.php\/wp-json\/wp\/v2\/media?parent=37349"}],"wp:term":[{"taxonomy":"category","embeddable":true,"href":"https:\/\/pinews.com.br\/index.php\/wp-json\/wp\/v2\/categories?post=37349"},{"taxonomy":"post_tag","embeddable":true,"href":"https:\/\/pinews.com.br\/index.php\/wp-json\/wp\/v2\/tags?post=37349"}],"curies":[{"name":"wp","href":"https:\/\/api.w.org\/{rel}","templated":true}]}}