{"id":37427,"date":"2022-08-05T21:16:38","date_gmt":"2022-08-06T00:16:38","guid":{"rendered":"https:\/\/pinews.com.br\/?p=37427"},"modified":"2022-08-05T21:16:38","modified_gmt":"2022-08-06T00:16:38","slug":"bebe-de-apenas-7-meses-morre-apos-cair-de-cama-em-cidade-do-piaui","status":"publish","type":"post","link":"https:\/\/pinews.com.br\/index.php\/2022\/08\/05\/bebe-de-apenas-7-meses-morre-apos-cair-de-cama-em-cidade-do-piaui\/","title":{"rendered":"Beb\u00ea de apenas 7 meses morre ap\u00f3s cair de cama em cidade do Piau\u00ed"},"content":{"rendered":"\n<p>Um beb\u00ea de apenas sete meses morreu na manh\u00e3 desta sexta-feira (05), ap\u00f3s ter ca\u00eddo de uma cama em sua resid\u00eancia no munic\u00edpio de \u00c1gua Branca, localizada a 100 km de Teresina. As informa\u00e7\u00f5es d\u00e3o conta de que a crian\u00e7a estava deitada em uma cama de casal, quando teria ca\u00eddo entre o m\u00f3vel e uma parede.<\/p>\n\n\n\n<p>A informa\u00e7\u00e3o foi confirmada ao <em>Meionorte.com<\/em> pelo Instituto M\u00e9dico Legal (IML), que realizou a remo\u00e7\u00e3o do corpo do beb\u00ea no Hospital Municipal Senador Dirceu Mendes Arcoverde, ap\u00f3s os pais ainda terem o levado para os primeiros socorros, mas ele j\u00e1 estava sem vida. <\/p>\n\n\n\n<p>A reportagem tamb\u00e9m procurou o hospital para apurar mais detalhes, mas sem sucesso. O corpo j\u00e1 est\u00e1 em Teresina, onde passar\u00e1 por procedimentos mais detalhados que apontar\u00e3o a causa da morte, sendo liberado em seguida para a fam\u00edlia. A situa\u00e7\u00e3o gerou uma grande como\u00e7\u00e3o na cidade. <\/p>\n\n\n\n<p><strong>Fonte: Meio Norte <\/strong><\/p>\n","protected":false},"excerpt":{"rendered":"<p>Um beb\u00ea de apenas sete meses morreu na manh\u00e3 desta sexta-feira (05), ap\u00f3s ter ca\u00eddo de uma cama em sua resid\u00eancia no munic\u00edpio de \u00c1gua Branca, localizada a 100 km de Teresina. As informa\u00e7\u00f5es d\u00e3o conta de que a crian\u00e7a estava deitada em uma cama de casal, quando teria ca\u00eddo entre o m\u00f3vel e uma [&hellip;]<\/p>\n","protected":false},"author":1,"featured_media":37428,"comment_status":"open","ping_status":"open","sticky":false,"template":"","format":"standard","meta":{"beyondwords_generate_audio":"","beyondwords_project_id":"","beyondwords_podcast_id":"","beyondwords_hash":"","beyondwords_error_message":"","beyondwords_disabled":"","publish_post_to_speechkit":"","speechkit_generate_audio":"","speechkit_project_id":"","speechkit_podcast_id":"","speechkit_hash":"","speechkit_error_message":"","speechkit_disabled":"","speechkit_access_key":"","speechkit_error":"","speechkit_info":"","speechkit_response":"","speechkit_retries":"","_speechkit_link":"","_speechkit_text":""},"categories":[51],"tags":[523,70,113,353,9966,63,44,46,118,119,52],"jetpack_featured_media_url":"","_links":{"self":[{"href":"https:\/\/pinews.com.br\/index.php\/wp-json\/wp\/v2\/posts\/37427"}],"collection":[{"href":"https:\/\/pinews.com.br\/index.php\/wp-json\/wp\/v2\/posts"}],"about":[{"href":"https:\/\/pinews.com.br\/index.php\/wp-json\/wp\/v2\/types\/post"}],"author":[{"embeddable":true,"href":"https:\/\/pinews.com.br\/index.php\/wp-json\/wp\/v2\/users\/1"}],"replies":[{"embeddable":true,"href":"https:\/\/pinews.com.br\/index.php\/wp-json\/wp\/v2\/comments?post=37427"}],"version-history":[{"count":0,"href":"https:\/\/pinews.com.br\/index.php\/wp-json\/wp\/v2\/posts\/37427\/revisions"}],"wp:featuredmedia":[{"embeddable":true,"href":"https:\/\/pinews.com.br\/index.php\/wp-json\/"}],"wp:attachment":[{"href":"https:\/\/pinews.com.br\/index.php\/wp-json\/wp\/v2\/media?parent=37427"}],"wp:term":[{"taxonomy":"category","embeddable":true,"href":"https:\/\/pinews.com.br\/index.php\/wp-json\/wp\/v2\/categories?post=37427"},{"taxonomy":"post_tag","embeddable":true,"href":"https:\/\/pinews.com.br\/index.php\/wp-json\/wp\/v2\/tags?post=37427"}],"curies":[{"name":"wp","href":"https:\/\/api.w.org\/{rel}","templated":true}]}}