{"id":37464,"date":"2022-08-07T17:36:01","date_gmt":"2022-08-07T20:36:01","guid":{"rendered":"https:\/\/pinews.com.br\/?p=37464"},"modified":"2022-08-07T17:36:01","modified_gmt":"2022-08-07T20:36:01","slug":"sejus-recaptura-membros-de-faccao-apos-fuga-em-casa-de-detencao-no-piaui-13-ainda-foragidos","status":"publish","type":"post","link":"https:\/\/pinews.com.br\/index.php\/2022\/08\/07\/sejus-recaptura-membros-de-faccao-apos-fuga-em-casa-de-detencao-no-piaui-13-ainda-foragidos\/","title":{"rendered":"Sejus recaptura membros de fac\u00e7\u00e3o ap\u00f3s fuga em Casa de Deten\u00e7\u00e3o no Piau\u00ed; 13 ainda foragidos"},"content":{"rendered":"\n<p>A Secretaria de Justi\u00e7a do Piau\u00ed recapturou na madrugada deste domingo (7), tr\u00eas detentos, dos 16 que fugiram na noite de quinta-feira (4) a Casa de Deten\u00e7\u00e3o Provis\u00f3ria de Altos. Todos os fugitivos fazem parte da mesma fac\u00e7\u00e3o criminosa.<\/p>\n\n\n\n<p>Segundo a Secretaria de Justi\u00e7a, os detentos usaram len\u00e7\u00f3is para confeccionar uma esp\u00e9cie de corda para escalar um dos muros do pavilh\u00e3o onde estavam. Ap\u00f3s a fuga foram iniciadas dilig\u00eancias para a recaptura.<\/p>\n\n\n\n<p>Tr\u00eas foram localizados na madrugada de hoje, pr\u00f3ximo ao posto da Pol\u00edcia Rodovi\u00e1ria Federal no Piau\u00ed (PRF-PI), na BR 343.<\/p>\n\n\n\n<p>\u201cRecebemos a informa\u00e7\u00e3o que eles estavam nessa regi\u00e3o, dentro do mato e que tomaram algumas roupas de moradores da regi\u00e3o. Eles est\u00e3o tentando se deslocar pelo mato para chegar em Teresina. Desde a fuga tem uma equipe trabalhando na recaptura, e eles acabaram sendo identificados, pois dois estavam usando camisas que eles roubaram dos moradores, mas estavam com os cal\u00e7\u00f5es da unidade prisional e foram reconhecidos. Um deles n\u00e3o estava com o cal\u00e7\u00e3o, mas foi reconhecido pelo diretor da unidade, e foram capturados perto da rodovia\u201d, explicou o secret\u00e1rio de Justi\u00e7a Carlos Edilson.<\/p>\n\n\n\n<p>Foram presos Willames da Concei\u00e7\u00e3o Alves, de 36 anos, Roberto Willamy Pereira dos Santos, de 22 anos, e Carlos Adriano da Cruz Silva, de 19 anos.&nbsp;Ap\u00f3s a recaptura, eles retornaram para a Casa de Deten\u00e7\u00e3o Provis\u00f3ria de Altos e v\u00e3o ficar no setor de triagem.<\/p>\n\n\n\n<p>\u201cAp\u00f3s presos, eles revelaram que os demais ainda est\u00e3o na mata, tentando chegar em Teresina. Acreditamos que durante do dia eles v\u00e3o ficar entocados, e somente a noite que est\u00e3o saindo, mas as equipes est\u00e3o trabalhando e acreditamos que vamos pegar todos eles\u201d, informou o secret\u00e1rio.<\/p>\n\n\n\n<p><strong>Ainda est\u00e3o foragidos:<\/strong><\/p>\n\n\n\n<ol><li>Maicon Pereira da Silva;<\/li><li>Davi Albuquerque de Sousa Barros;<\/li><li>Iago Oliveira da Silva;<\/li><li>Murilo Gabriel Oliveira Gomes;<\/li><li>Jeremias Oliveira Nascimento;<\/li><li>Paulo Sergio Gomes dos Santos;<\/li><li>Mateus Pereira da Silva;<\/li><li>Jos\u00e9 Hilson Alves de Sousa;<\/li><li>Josu\u00e9 Sena Rosa;<\/li><li>Leandro Alves de Araujo;<\/li><li>Lailson Dias Almeida;<\/li><li>Gustavo Martins de Sousa;<\/li><li>Guilherme da Silva Ribeiro Paz;<\/li><\/ol>\n\n\n\n<p><strong>Fonte: B\u00e1rbara Rodrigues\/ Cidade Verde <\/strong><\/p>\n","protected":false},"excerpt":{"rendered":"<p>A Secretaria de Justi\u00e7a do Piau\u00ed recapturou na madrugada deste domingo (7), tr\u00eas detentos, dos 16 que fugiram na noite de quinta-feira (4) a Casa de Deten\u00e7\u00e3o Provis\u00f3ria de Altos. Todos os fugitivos fazem parte da mesma fac\u00e7\u00e3o criminosa. Segundo a Secretaria de Justi\u00e7a, os detentos usaram len\u00e7\u00f3is para confeccionar uma esp\u00e9cie de corda para [&hellip;]<\/p>\n","protected":false},"author":1,"featured_media":37465,"comment_status":"open","ping_status":"open","sticky":false,"template":"","format":"standard","meta":{"beyondwords_generate_audio":"","beyondwords_project_id":"","beyondwords_podcast_id":"","beyondwords_hash":"","beyondwords_error_message":"","beyondwords_disabled":"","publish_post_to_speechkit":"","speechkit_generate_audio":"","speechkit_project_id":"","speechkit_podcast_id":"","speechkit_hash":"","speechkit_error_message":"","speechkit_disabled":"","speechkit_access_key":"","speechkit_error":"","speechkit_info":"","speechkit_response":"","speechkit_retries":"","_speechkit_link":"","_speechkit_text":""},"categories":[51,78],"tags":[426,5920,70,149,44,10617,46,617,8756,153,10008,52,8390,5664],"jetpack_featured_media_url":"","_links":{"self":[{"href":"https:\/\/pinews.com.br\/index.php\/wp-json\/wp\/v2\/posts\/37464"}],"collection":[{"href":"https:\/\/pinews.com.br\/index.php\/wp-json\/wp\/v2\/posts"}],"about":[{"href":"https:\/\/pinews.com.br\/index.php\/wp-json\/wp\/v2\/types\/post"}],"author":[{"embeddable":true,"href":"https:\/\/pinews.com.br\/index.php\/wp-json\/wp\/v2\/users\/1"}],"replies":[{"embeddable":true,"href":"https:\/\/pinews.com.br\/index.php\/wp-json\/wp\/v2\/comments?post=37464"}],"version-history":[{"count":0,"href":"https:\/\/pinews.com.br\/index.php\/wp-json\/wp\/v2\/posts\/37464\/revisions"}],"wp:featuredmedia":[{"embeddable":true,"href":"https:\/\/pinews.com.br\/index.php\/wp-json\/"}],"wp:attachment":[{"href":"https:\/\/pinews.com.br\/index.php\/wp-json\/wp\/v2\/media?parent=37464"}],"wp:term":[{"taxonomy":"category","embeddable":true,"href":"https:\/\/pinews.com.br\/index.php\/wp-json\/wp\/v2\/categories?post=37464"},{"taxonomy":"post_tag","embeddable":true,"href":"https:\/\/pinews.com.br\/index.php\/wp-json\/wp\/v2\/tags?post=37464"}],"curies":[{"name":"wp","href":"https:\/\/api.w.org\/{rel}","templated":true}]}}