{"id":37541,"date":"2022-08-09T21:07:07","date_gmt":"2022-08-10T00:07:07","guid":{"rendered":"https:\/\/pinews.com.br\/?p=37541"},"modified":"2022-08-09T21:07:07","modified_gmt":"2022-08-10T00:07:07","slug":"motorista-e-flagrado-dirigindo-onibus-escolar-sem-habilitacao-no-litoral-do-piaui","status":"publish","type":"post","link":"https:\/\/pinews.com.br\/index.php\/2022\/08\/09\/motorista-e-flagrado-dirigindo-onibus-escolar-sem-habilitacao-no-litoral-do-piaui\/","title":{"rendered":"Motorista \u00e9 flagrado dirigindo \u00f4nibus escolar sem habilita\u00e7\u00e3o no Litoral do Piau\u00ed"},"content":{"rendered":"\n<p>Um \u00f4nibus escolar, respons\u00e1vel pelo transporte de estudantes da cidade de Parna\u00edba at\u00e9 a Comunidade Baixa da Carna\u00faba, no Litoral do Piau\u00ed, foi flagrado nesta ter\u00e7a-feira (9) sendo conduzido por um motorista sem habilita\u00e7\u00e3o. O ve\u00edculo tamb\u00e9m estava com o licenciamento atrasado.<\/p>\n\n\n\n<p>Ao g1, a Ger\u00eancia Regional de Educa\u00e7\u00e3o respons\u00e1vel afirmou que est\u00e1 averiguando a situa\u00e7\u00e3o relatada e ir\u00e1 se manifestar assim que tiver informa\u00e7\u00f5es sobre o fato.<\/p>\n\n\n\n<p>A abordagem foi feita pela Pol\u00edcia Rodovi\u00e1ria Federal. Segundo agentes da PRF, o \u00f4nibus parou em frente a um posto da PRF, quando ocorreu a fiscaliza\u00e7\u00e3o do ve\u00edculo. Ao pedir a documenta\u00e7\u00e3o do \u00f4nibus e do condutor, o motorista alegou que havia esquecido a sua habilita\u00e7\u00e3o.<\/p>\n\n\n\n<p>\u201cMas, quando pedimos a numera\u00e7\u00e3o e fomos checar no sistema, constatamos que o condutor n\u00e3o \u00e9 habilitado. Tamb\u00e9m verificamos que o documento do ve\u00edculo est\u00e1 em atraso\u201d, explicou.<\/p>\n\n\n\n<p>Na ocasi\u00e3o, foram lavradas as notifica\u00e7\u00f5es das infra\u00e7\u00f5es, mas o motorista n\u00e3o dever\u00e1 responder criminalmente. Isso porque, apesar de n\u00e3o ter habilita\u00e7\u00e3o, ele n\u00e3o se enquadraria na infra\u00e7\u00e3o de \u201cdire\u00e7\u00e3o sem habilita\u00e7\u00e3o gerando perigo de dano\u201d, do C\u00f3digo de Tr\u00e2nsito Brasileiro.<\/p>\n\n\n\n<p><strong>Fonte: G1 PI <\/strong><\/p>\n","protected":false},"excerpt":{"rendered":"<p>Um \u00f4nibus escolar, respons\u00e1vel pelo transporte de estudantes da cidade de Parna\u00edba at\u00e9 a Comunidade Baixa da Carna\u00faba, no Litoral do Piau\u00ed, foi flagrado nesta ter\u00e7a-feira (9) sendo conduzido por um motorista sem habilita\u00e7\u00e3o. O ve\u00edculo tamb\u00e9m estava com o licenciamento atrasado. Ao g1, a Ger\u00eancia Regional de Educa\u00e7\u00e3o respons\u00e1vel afirmou que est\u00e1 averiguando a [&hellip;]<\/p>\n","protected":false},"author":1,"featured_media":37542,"comment_status":"open","ping_status":"open","sticky":false,"template":"","format":"standard","meta":{"beyondwords_generate_audio":"","beyondwords_project_id":"","beyondwords_podcast_id":"","beyondwords_hash":"","beyondwords_error_message":"","beyondwords_disabled":"","publish_post_to_speechkit":"","speechkit_generate_audio":"","speechkit_project_id":"","speechkit_podcast_id":"","speechkit_hash":"","speechkit_error_message":"","speechkit_disabled":"","speechkit_access_key":"","speechkit_error":"","speechkit_info":"","speechkit_response":"","speechkit_retries":"","_speechkit_link":"","_speechkit_text":""},"categories":[51,78],"tags":[9903,72,7657,1007,5387,202,58,301,52,975],"jetpack_featured_media_url":"","_links":{"self":[{"href":"https:\/\/pinews.com.br\/index.php\/wp-json\/wp\/v2\/posts\/37541"}],"collection":[{"href":"https:\/\/pinews.com.br\/index.php\/wp-json\/wp\/v2\/posts"}],"about":[{"href":"https:\/\/pinews.com.br\/index.php\/wp-json\/wp\/v2\/types\/post"}],"author":[{"embeddable":true,"href":"https:\/\/pinews.com.br\/index.php\/wp-json\/wp\/v2\/users\/1"}],"replies":[{"embeddable":true,"href":"https:\/\/pinews.com.br\/index.php\/wp-json\/wp\/v2\/comments?post=37541"}],"version-history":[{"count":0,"href":"https:\/\/pinews.com.br\/index.php\/wp-json\/wp\/v2\/posts\/37541\/revisions"}],"wp:featuredmedia":[{"embeddable":true,"href":"https:\/\/pinews.com.br\/index.php\/wp-json\/"}],"wp:attachment":[{"href":"https:\/\/pinews.com.br\/index.php\/wp-json\/wp\/v2\/media?parent=37541"}],"wp:term":[{"taxonomy":"category","embeddable":true,"href":"https:\/\/pinews.com.br\/index.php\/wp-json\/wp\/v2\/categories?post=37541"},{"taxonomy":"post_tag","embeddable":true,"href":"https:\/\/pinews.com.br\/index.php\/wp-json\/wp\/v2\/tags?post=37541"}],"curies":[{"name":"wp","href":"https:\/\/api.w.org\/{rel}","templated":true}]}}