{"id":37544,"date":"2022-08-09T21:11:03","date_gmt":"2022-08-10T00:11:03","guid":{"rendered":"https:\/\/pinews.com.br\/?p=37544"},"modified":"2022-08-09T21:11:03","modified_gmt":"2022-08-10T00:11:03","slug":"escola-no-piaui-e-alvo-de-vandalismo-e-tem-materiais-queimados-pela-segunda-vez-este-mes","status":"publish","type":"post","link":"https:\/\/pinews.com.br\/index.php\/2022\/08\/09\/escola-no-piaui-e-alvo-de-vandalismo-e-tem-materiais-queimados-pela-segunda-vez-este-mes\/","title":{"rendered":"Escola no Piau\u00ed \u00e9 alvo de vandalismo e tem materiais queimados pela segunda vez este m\u00eas"},"content":{"rendered":"\n<p>A Escola Municipal Deputado Franc\u00edlio Almeida, no bairro Porto do Centro, Zona Leste de Teresina, foi alvo de vandalismo e teve parte da estrutura e materiais pedag\u00f3gicos queimados durante a a\u00e7\u00e3o. O caso aconteceu no s\u00e1bado (6), mas segundo os funcion\u00e1rios, esta \u00e9 segunda vez este m\u00eas que ocorre o mesmo crime.<\/p>\n\n\n\n<p>De acordo com a Secretaria Municipal de Educa\u00e7\u00e3o (Semec), os criminosos tentaram furtar a escola duas vezes, mas como n\u00e3o conseguiram, praticaram atos de vandalismo no local. Eles atearam fogo em alguns im\u00f3veis e o inc\u00eandio atingiu o forro de gesso de algumas salas, material pedag\u00f3gico, livros, jogos e at\u00e9 carteiras escolares.<\/p>\n\n\n\n<p>A Guarda Municipal foi acionada para tender a ocorr\u00eancia e uma equipe foi enviada at\u00e9 o local. Ao chegar na escola, o fogo j\u00e1 estava controlado e, ap\u00f3s buscas, o autor do caso n\u00e3o foi encontrado. A diretora da escola registrou Boletim de Ocorr\u00eancia e o caso j\u00e1 esta sob investiga\u00e7\u00e3o.<\/p>\n\n\n\n<p>Em nota, a Semec lamentou os atos de vandalismo sofridos pela Escola Municipal Deputado Franc\u00edlio Almeida e informou que o local j\u00e1 possui sistema de alarme, concertina e a seguran\u00e7a foi refor\u00e7ada tamb\u00e9m com um vigia noturno.<\/p>\n\n\n\n<p><strong>Fonte: G1 PI <\/strong><\/p>\n","protected":false},"excerpt":{"rendered":"<p>A Escola Municipal Deputado Franc\u00edlio Almeida, no bairro Porto do Centro, Zona Leste de Teresina, foi alvo de vandalismo e teve parte da estrutura e materiais pedag\u00f3gicos queimados durante a a\u00e7\u00e3o. O caso aconteceu no s\u00e1bado (6), mas segundo os funcion\u00e1rios, esta \u00e9 segunda vez este m\u00eas que ocorre o mesmo crime. De acordo com [&hellip;]<\/p>\n","protected":false},"author":1,"featured_media":37545,"comment_status":"open","ping_status":"open","sticky":false,"template":"","format":"standard","meta":{"beyondwords_generate_audio":"","beyondwords_project_id":"","beyondwords_podcast_id":"","beyondwords_hash":"","beyondwords_error_message":"","beyondwords_disabled":"","publish_post_to_speechkit":"","speechkit_generate_audio":"","speechkit_project_id":"","speechkit_podcast_id":"","speechkit_hash":"","speechkit_error_message":"","speechkit_disabled":"","speechkit_access_key":"","speechkit_error":"","speechkit_info":"","speechkit_response":"","speechkit_retries":"","_speechkit_link":"","_speechkit_text":""},"categories":[51,78,81],"tags":[5959,44,72,1425,2855,9352,1974,103,52,2085,5589,60,2081,6198],"jetpack_featured_media_url":"","_links":{"self":[{"href":"https:\/\/pinews.com.br\/index.php\/wp-json\/wp\/v2\/posts\/37544"}],"collection":[{"href":"https:\/\/pinews.com.br\/index.php\/wp-json\/wp\/v2\/posts"}],"about":[{"href":"https:\/\/pinews.com.br\/index.php\/wp-json\/wp\/v2\/types\/post"}],"author":[{"embeddable":true,"href":"https:\/\/pinews.com.br\/index.php\/wp-json\/wp\/v2\/users\/1"}],"replies":[{"embeddable":true,"href":"https:\/\/pinews.com.br\/index.php\/wp-json\/wp\/v2\/comments?post=37544"}],"version-history":[{"count":0,"href":"https:\/\/pinews.com.br\/index.php\/wp-json\/wp\/v2\/posts\/37544\/revisions"}],"wp:featuredmedia":[{"embeddable":true,"href":"https:\/\/pinews.com.br\/index.php\/wp-json\/"}],"wp:attachment":[{"href":"https:\/\/pinews.com.br\/index.php\/wp-json\/wp\/v2\/media?parent=37544"}],"wp:term":[{"taxonomy":"category","embeddable":true,"href":"https:\/\/pinews.com.br\/index.php\/wp-json\/wp\/v2\/categories?post=37544"},{"taxonomy":"post_tag","embeddable":true,"href":"https:\/\/pinews.com.br\/index.php\/wp-json\/wp\/v2\/tags?post=37544"}],"curies":[{"name":"wp","href":"https:\/\/api.w.org\/{rel}","templated":true}]}}