{"id":37565,"date":"2022-08-10T18:17:13","date_gmt":"2022-08-10T21:17:13","guid":{"rendered":"https:\/\/pinews.com.br\/?p=37565"},"modified":"2022-08-10T18:17:13","modified_gmt":"2022-08-10T21:17:13","slug":"acidente-entre-carreta-e-motocicleta-deixa-um-homem-morto-em-oeiras","status":"publish","type":"post","link":"https:\/\/pinews.com.br\/index.php\/2022\/08\/10\/acidente-entre-carreta-e-motocicleta-deixa-um-homem-morto-em-oeiras\/","title":{"rendered":"Acidente entre carreta e motocicleta deixa um homem morto em Oeiras"},"content":{"rendered":"\n<p>Um acidente fatal foi registrado&nbsp;no in\u00edcio da noite da \u00faltima ter\u00e7a -feira (09\/08),&nbsp;na zona rural de Oeiras. Um homem de 56 anos que pilotava sua motocicleta n\u00e3o resistiu aos ferimentos ap\u00f3s a grave colis\u00e3o contra uma carreta bitrem.&nbsp;<\/p>\n\n\n\n<p>De acordo com informa\u00e7\u00f5es preliminares, o acidente aconteceu na BR-230, nas proximidades da entrada do povoado Riach\u00e3o. O homem foi identificado como Jos\u00e9 Maria Marques de Moura, 56 anos, ele seguia de moto sentido Oeiras-Floriano.<\/p>\n\n\n\n<p>Jos\u00e9 foi&nbsp;violentamente colhido pela carreta deixando o seu corpo dilacerado, sendo poss\u00edvel identificar apenas pelos documentos e pela motocicleta por pessoas que a reconheceram.&nbsp; A v\u00edtima era moradora do assentamento Malhada das Pedras.<\/p>\n\n\n\n<p>A Pol\u00edcia Militar foi acionada por volta das 17h para preservar o local do acidente e aguardar a PRF para fazer a libera\u00e7\u00e3o do corpo.<\/p>\n\n\n\n<p><strong>Fonte: 180 Graus<\/strong><\/p>\n","protected":false},"excerpt":{"rendered":"<p>Um acidente fatal foi registrado&nbsp;no in\u00edcio da noite da \u00faltima ter\u00e7a -feira (09\/08),&nbsp;na zona rural de Oeiras. Um homem de 56 anos que pilotava sua motocicleta n\u00e3o resistiu aos ferimentos ap\u00f3s a grave colis\u00e3o contra uma carreta bitrem.&nbsp; De acordo com informa\u00e7\u00f5es preliminares, o acidente aconteceu na BR-230, nas proximidades da entrada do povoado Riach\u00e3o. [&hellip;]<\/p>\n","protected":false},"author":1,"featured_media":37566,"comment_status":"open","ping_status":"open","sticky":false,"template":"","format":"standard","meta":{"beyondwords_generate_audio":"","beyondwords_project_id":"","beyondwords_podcast_id":"","beyondwords_hash":"","beyondwords_error_message":"","beyondwords_disabled":"","publish_post_to_speechkit":"","speechkit_generate_audio":"","speechkit_project_id":"","speechkit_podcast_id":"","speechkit_hash":"","speechkit_error_message":"","speechkit_disabled":"","speechkit_access_key":"","speechkit_error":"","speechkit_info":"","speechkit_response":"","speechkit_retries":"","_speechkit_link":"","_speechkit_text":""},"categories":[51],"tags":[176,448,252,46,178,84,197,179,1266,436],"jetpack_featured_media_url":"","_links":{"self":[{"href":"https:\/\/pinews.com.br\/index.php\/wp-json\/wp\/v2\/posts\/37565"}],"collection":[{"href":"https:\/\/pinews.com.br\/index.php\/wp-json\/wp\/v2\/posts"}],"about":[{"href":"https:\/\/pinews.com.br\/index.php\/wp-json\/wp\/v2\/types\/post"}],"author":[{"embeddable":true,"href":"https:\/\/pinews.com.br\/index.php\/wp-json\/wp\/v2\/users\/1"}],"replies":[{"embeddable":true,"href":"https:\/\/pinews.com.br\/index.php\/wp-json\/wp\/v2\/comments?post=37565"}],"version-history":[{"count":0,"href":"https:\/\/pinews.com.br\/index.php\/wp-json\/wp\/v2\/posts\/37565\/revisions"}],"wp:featuredmedia":[{"embeddable":true,"href":"https:\/\/pinews.com.br\/index.php\/wp-json\/"}],"wp:attachment":[{"href":"https:\/\/pinews.com.br\/index.php\/wp-json\/wp\/v2\/media?parent=37565"}],"wp:term":[{"taxonomy":"category","embeddable":true,"href":"https:\/\/pinews.com.br\/index.php\/wp-json\/wp\/v2\/categories?post=37565"},{"taxonomy":"post_tag","embeddable":true,"href":"https:\/\/pinews.com.br\/index.php\/wp-json\/wp\/v2\/tags?post=37565"}],"curies":[{"name":"wp","href":"https:\/\/api.w.org\/{rel}","templated":true}]}}