{"id":37613,"date":"2022-08-11T18:39:40","date_gmt":"2022-08-11T21:39:40","guid":{"rendered":"https:\/\/pinews.com.br\/?p=37613"},"modified":"2023-05-15T23:13:29","modified_gmt":"2023-05-16T02:13:29","slug":"fifa-antecipa-inicio-da-copa-do-mundo-para-20-de-novembro","status":"publish","type":"post","link":"https:\/\/pinews.com.br\/index.php\/2022\/08\/11\/fifa-antecipa-inicio-da-copa-do-mundo-para-20-de-novembro\/","title":{"rendered":"Fifa antecipa in\u00edcio da Copa do Mundo para 20 de novembro"},"content":{"rendered":"\n<p>A Fifa (Federa\u00e7\u00e3o Internacional de Futebol) anunciou a antecipa\u00e7\u00e3o do in\u00edcio da pr\u00f3xima edi\u00e7\u00e3o da Copa do Mundo para o dia 20 de novembro. Segundo&nbsp;comunicado&nbsp;divulgado nesta quinta-feira (11), o jogo inaugural ser\u00e1 disputado entre Catar e Equador, a partir das 13h (hor\u00e1rio de Bras\u00edlia) no est\u00e1dio Al Bayt.<img decoding=\"async\" src=\"https:\/\/agenciabrasil.ebc.com.br\/ebc.png?id=1475881&amp;o=node\"><img decoding=\"async\" src=\"https:\/\/agenciabrasil.ebc.com.br\/ebc.gif?id=1475881&amp;o=node\"><\/p>\n\n\n\n<p>\u201cA partida de abertura e a cerim\u00f4nia do torneio deste ano no Est\u00e1dio Al Bayt foram antecipadas um dia ap\u00f3s uma decis\u00e3o un\u00e2nime tomada hoje pela Mesa do Conselho da Fifa\u201d, diz a nota da entidade m\u00e1xima do futebol mundial.<\/p>\n\n\n\n<p>A programa\u00e7\u00e3o inicial era de que fossem realizadas duas partidas antes do confronto envolvendo os donos da casa: Holanda contra Senegal, e Inglaterra versus Ir\u00e3. Os tr\u00eas jogos estavam marcados para o dia 21, junto com a cerim\u00f4nia de abertura, que teria in\u00edcio momentos antes de Catar e Equador.<\/p>\n\n\n\n<p>\u201cA mudan\u00e7a garante a continuidade de uma longa tradi\u00e7\u00e3o de marcar o in\u00edcio da Copa do Mundo com uma cerim\u00f4nia de abertura por ocasi\u00e3o da primeira partida entre os anfitri\u00f5es ou os atuais campe\u00f5es\u201d, justifica a Fifa.<\/p>\n\n\n\n<p>O Brasil estreia no Mundial no dia 24 de novembro, uma quinta-feira, a partir das 16h (hor\u00e1rio de Bras\u00edlia, contra a S\u00e9rvia.<\/p>\n\n\n\n<p><strong>Fonte: Ag\u00eancia Brasil <\/strong><\/p>\n","protected":false},"excerpt":{"rendered":"<p>A Fifa (Federa\u00e7\u00e3o Internacional de Futebol) anunciou a antecipa\u00e7\u00e3o do in\u00edcio da pr\u00f3xima edi\u00e7\u00e3o da Copa do Mundo para o dia 20 de novembro. Segundo&nbsp;comunicado&nbsp;divulgado nesta quinta-feira (11), o jogo inaugural ser\u00e1 disputado entre Catar e Equador, a partir das 13h (hor\u00e1rio de Bras\u00edlia) no est\u00e1dio Al Bayt. \u201cA partida de abertura e a cerim\u00f4nia [&hellip;]<\/p>\n","protected":false},"author":1,"featured_media":48141,"comment_status":"open","ping_status":"open","sticky":false,"template":"","format":"standard","meta":{"beyondwords_generate_audio":"","beyondwords_project_id":"","beyondwords_podcast_id":"","beyondwords_hash":"","beyondwords_error_message":"","beyondwords_disabled":"","publish_post_to_speechkit":"","speechkit_generate_audio":"","speechkit_project_id":"","speechkit_podcast_id":"","speechkit_hash":"","speechkit_error_message":"","speechkit_disabled":"","speechkit_access_key":"","speechkit_error":"","speechkit_info":"","speechkit_response":"","speechkit_retries":"","_speechkit_link":"","_speechkit_text":""},"categories":[1189,134],"tags":[208,7463,8453,122,44,10054,6716,1882,3575,350],"jetpack_featured_media_url":"https:\/\/pinews.com.br\/wp-content\/uploads\/2022\/08\/2022-03-30t162343z_1527041443_rc2ywd9paxho_rtrmadp_3_soccer-worldcup-696x416-1.jpg","_links":{"self":[{"href":"https:\/\/pinews.com.br\/index.php\/wp-json\/wp\/v2\/posts\/37613"}],"collection":[{"href":"https:\/\/pinews.com.br\/index.php\/wp-json\/wp\/v2\/posts"}],"about":[{"href":"https:\/\/pinews.com.br\/index.php\/wp-json\/wp\/v2\/types\/post"}],"author":[{"embeddable":true,"href":"https:\/\/pinews.com.br\/index.php\/wp-json\/wp\/v2\/users\/1"}],"replies":[{"embeddable":true,"href":"https:\/\/pinews.com.br\/index.php\/wp-json\/wp\/v2\/comments?post=37613"}],"version-history":[{"count":1,"href":"https:\/\/pinews.com.br\/index.php\/wp-json\/wp\/v2\/posts\/37613\/revisions"}],"predecessor-version":[{"id":48143,"href":"https:\/\/pinews.com.br\/index.php\/wp-json\/wp\/v2\/posts\/37613\/revisions\/48143"}],"wp:featuredmedia":[{"embeddable":true,"href":"https:\/\/pinews.com.br\/index.php\/wp-json\/wp\/v2\/media\/48141"}],"wp:attachment":[{"href":"https:\/\/pinews.com.br\/index.php\/wp-json\/wp\/v2\/media?parent=37613"}],"wp:term":[{"taxonomy":"category","embeddable":true,"href":"https:\/\/pinews.com.br\/index.php\/wp-json\/wp\/v2\/categories?post=37613"},{"taxonomy":"post_tag","embeddable":true,"href":"https:\/\/pinews.com.br\/index.php\/wp-json\/wp\/v2\/tags?post=37613"}],"curies":[{"name":"wp","href":"https:\/\/api.w.org\/{rel}","templated":true}]}}