{"id":37777,"date":"2022-08-17T18:23:43","date_gmt":"2022-08-17T21:23:43","guid":{"rendered":"https:\/\/pinews.com.br\/?p=37777"},"modified":"2022-08-17T18:23:43","modified_gmt":"2022-08-17T21:23:43","slug":"prf-apreende-470-produtos-eletronicos-sem-nota-fiscal-em-cidade-do-piaui","status":"publish","type":"post","link":"https:\/\/pinews.com.br\/index.php\/2022\/08\/17\/prf-apreende-470-produtos-eletronicos-sem-nota-fiscal-em-cidade-do-piaui\/","title":{"rendered":"PRF apreende 470 produtos eletr\u00f4nicos sem nota fiscal em cidade do Piau\u00ed"},"content":{"rendered":"\n<p>Policiais Rodovi\u00e1rios Federais realizaram a apreens\u00e3o de cerca de 470 produtos eletr\u00f4nicos sem nota fiscal na BR-230, em&nbsp;Floriano, no Sul do Piau\u00ed. O carregamento era transportado no bagageiro de um \u00f4nibus.<\/p>\n\n\n\n<p>Durante a fiscaliza\u00e7\u00e3o, os policiais verificaram que no interior do \u00f4nibus estavam sendo transportadas v\u00e1rias caixas de produtos eletr\u00f4nicos sem nota fiscal.<\/p>\n\n\n\n<p>Quando questionado, o motorista afirmou que toda a mercadoria fora despachada como encomenda em S\u00e3o Paulo\/SP e n\u00e3o foi entregue qualquer documento ao respons\u00e1vel pelos fretes.<\/p>\n\n\n\n<p>Diante das informa\u00e7\u00f5es obtidas foi constatada, a princ\u00edpio, ocorr\u00eancia de Transporte de mercadoria nacional sem nota fiscal. Toda mercadoria apreendida foi encaminhada \u00e0 Secretaria de Fazenda (Sefaz-PI), em Floriano, para ado\u00e7\u00e3o das medidas legais cab\u00edveis.<\/p>\n\n\n\n<p><strong>Fonte: 180 Graus <\/strong><\/p>\n","protected":false},"excerpt":{"rendered":"<p>Policiais Rodovi\u00e1rios Federais realizaram a apreens\u00e3o de cerca de 470 produtos eletr\u00f4nicos sem nota fiscal na BR-230, em&nbsp;Floriano, no Sul do Piau\u00ed. O carregamento era transportado no bagageiro de um \u00f4nibus. Durante a fiscaliza\u00e7\u00e3o, os policiais verificaram que no interior do \u00f4nibus estavam sendo transportadas v\u00e1rias caixas de produtos eletr\u00f4nicos sem nota fiscal. Quando questionado, [&hellip;]<\/p>\n","protected":false},"author":1,"featured_media":37778,"comment_status":"open","ping_status":"open","sticky":false,"template":"","format":"standard","meta":{"beyondwords_generate_audio":"","beyondwords_project_id":"","beyondwords_podcast_id":"","beyondwords_hash":"","beyondwords_error_message":"","beyondwords_disabled":"","publish_post_to_speechkit":"","speechkit_generate_audio":"","speechkit_project_id":"","speechkit_podcast_id":"","speechkit_hash":"","speechkit_error_message":"","speechkit_disabled":"","speechkit_access_key":"","speechkit_error":"","speechkit_info":"","speechkit_response":"","speechkit_retries":"","_speechkit_link":"","_speechkit_text":""},"categories":[51,78],"tags":[10654,105,63,5360,46,1591,6354,52,104,7389,975],"jetpack_featured_media_url":"","_links":{"self":[{"href":"https:\/\/pinews.com.br\/index.php\/wp-json\/wp\/v2\/posts\/37777"}],"collection":[{"href":"https:\/\/pinews.com.br\/index.php\/wp-json\/wp\/v2\/posts"}],"about":[{"href":"https:\/\/pinews.com.br\/index.php\/wp-json\/wp\/v2\/types\/post"}],"author":[{"embeddable":true,"href":"https:\/\/pinews.com.br\/index.php\/wp-json\/wp\/v2\/users\/1"}],"replies":[{"embeddable":true,"href":"https:\/\/pinews.com.br\/index.php\/wp-json\/wp\/v2\/comments?post=37777"}],"version-history":[{"count":0,"href":"https:\/\/pinews.com.br\/index.php\/wp-json\/wp\/v2\/posts\/37777\/revisions"}],"wp:featuredmedia":[{"embeddable":true,"href":"https:\/\/pinews.com.br\/index.php\/wp-json\/"}],"wp:attachment":[{"href":"https:\/\/pinews.com.br\/index.php\/wp-json\/wp\/v2\/media?parent=37777"}],"wp:term":[{"taxonomy":"category","embeddable":true,"href":"https:\/\/pinews.com.br\/index.php\/wp-json\/wp\/v2\/categories?post=37777"},{"taxonomy":"post_tag","embeddable":true,"href":"https:\/\/pinews.com.br\/index.php\/wp-json\/wp\/v2\/tags?post=37777"}],"curies":[{"name":"wp","href":"https:\/\/api.w.org\/{rel}","templated":true}]}}