{"id":37783,"date":"2022-08-17T21:15:20","date_gmt":"2022-08-18T00:15:20","guid":{"rendered":"https:\/\/pinews.com.br\/?p=37783"},"modified":"2022-08-17T21:15:20","modified_gmt":"2022-08-18T00:15:20","slug":"empresario-e-preso-por-furto-de-energia-e-receptacao-de-medidor-no-piaui","status":"publish","type":"post","link":"https:\/\/pinews.com.br\/index.php\/2022\/08\/17\/empresario-e-preso-por-furto-de-energia-e-receptacao-de-medidor-no-piaui\/","title":{"rendered":"Empres\u00e1rio \u00e9 preso por furto de energia e recepta\u00e7\u00e3o de medidor no Piau\u00ed"},"content":{"rendered":"\n<p>Um empres\u00e1rio, que n\u00e3o teve a identidade revelada, foi preso em flagrante na sua pr\u00f3pria resid\u00eancia no in\u00edcio da tarde desta quarta-feira (17), no bairro Buenos Aires, acusado de furto de energia. <\/p>\n\n\n\n<p>De acordo com informa\u00e7\u00f5es repassadas pelo delegado Eduardo Aquino, da Delegacia de Capturas (DECAP), ao <em>Meionorte.com<\/em>,  a pris\u00e3o ocorreu em situa\u00e7\u00e3o de flagrante ap\u00f3s a constata\u00e7\u00e3o do furto de energia por parte do empres\u00e1rio.<\/p>\n\n\n\n<p>Ainda segundo o delegado, o acusado utilizava um falso medidor, que era retirado sempre que a fiscaliza\u00e7\u00e3o fazia vistoria na resid\u00eancia. O aparelho tamb\u00e9m havia sido roubado de uma empresa fornecedora de energia. <\/p>\n\n\n\n<p>&#8220;Um fato que chamou aten\u00e7\u00e3o \u00e9 que um medidor falso estava colocado l\u00e1 no local de medi\u00e7\u00e3o da energia, um medidor que foi subtra\u00eddo da empresa Equatorial. O medidor original ele desligou e colocou esse segundo que n\u00e3o funcionava. Quando a fiscaliza\u00e7\u00e3o vinha, ele retirava o medidor falso, que n\u00e3o tava funcionando e religava o medidor original&#8221;, disse.<\/p>\n\n\n\n<p>Diante da situa\u00e7\u00e3o, o homem foi preso por furto de energia e tamb\u00e9m por recepta\u00e7\u00e3o. O empres\u00e1rio agora fica a disposi\u00e7\u00e3o da justi\u00e7a. <\/p>\n\n\n\n<p><strong>Fonte: Meio Norte<\/strong> <\/p>\n","protected":false},"excerpt":{"rendered":"<p>Um empres\u00e1rio, que n\u00e3o teve a identidade revelada, foi preso em flagrante na sua pr\u00f3pria resid\u00eancia no in\u00edcio da tarde desta quarta-feira (17), no bairro Buenos Aires, acusado de furto de energia. De acordo com informa\u00e7\u00f5es repassadas pelo delegado Eduardo Aquino, da Delegacia de Capturas (DECAP), ao Meionorte.com, a pris\u00e3o ocorreu em situa\u00e7\u00e3o de flagrante [&hellip;]<\/p>\n","protected":false},"author":1,"featured_media":37784,"comment_status":"open","ping_status":"open","sticky":false,"template":"","format":"standard","meta":{"beyondwords_generate_audio":"","beyondwords_project_id":"","beyondwords_podcast_id":"","beyondwords_hash":"","beyondwords_error_message":"","beyondwords_disabled":"","publish_post_to_speechkit":"","speechkit_generate_audio":"","speechkit_project_id":"","speechkit_podcast_id":"","speechkit_hash":"","speechkit_error_message":"","speechkit_disabled":"","speechkit_access_key":"","speechkit_error":"","speechkit_info":"","speechkit_response":"","speechkit_retries":"","_speechkit_link":"","_speechkit_text":""},"categories":[51,78,81],"tags":[44,72,152,1976,988,6210,52,59,79,989],"jetpack_featured_media_url":"","_links":{"self":[{"href":"https:\/\/pinews.com.br\/index.php\/wp-json\/wp\/v2\/posts\/37783"}],"collection":[{"href":"https:\/\/pinews.com.br\/index.php\/wp-json\/wp\/v2\/posts"}],"about":[{"href":"https:\/\/pinews.com.br\/index.php\/wp-json\/wp\/v2\/types\/post"}],"author":[{"embeddable":true,"href":"https:\/\/pinews.com.br\/index.php\/wp-json\/wp\/v2\/users\/1"}],"replies":[{"embeddable":true,"href":"https:\/\/pinews.com.br\/index.php\/wp-json\/wp\/v2\/comments?post=37783"}],"version-history":[{"count":0,"href":"https:\/\/pinews.com.br\/index.php\/wp-json\/wp\/v2\/posts\/37783\/revisions"}],"wp:featuredmedia":[{"embeddable":true,"href":"https:\/\/pinews.com.br\/index.php\/wp-json\/"}],"wp:attachment":[{"href":"https:\/\/pinews.com.br\/index.php\/wp-json\/wp\/v2\/media?parent=37783"}],"wp:term":[{"taxonomy":"category","embeddable":true,"href":"https:\/\/pinews.com.br\/index.php\/wp-json\/wp\/v2\/categories?post=37783"},{"taxonomy":"post_tag","embeddable":true,"href":"https:\/\/pinews.com.br\/index.php\/wp-json\/wp\/v2\/tags?post=37783"}],"curies":[{"name":"wp","href":"https:\/\/api.w.org\/{rel}","templated":true}]}}