{"id":37819,"date":"2022-08-18T21:07:43","date_gmt":"2022-08-19T00:07:43","guid":{"rendered":"https:\/\/pinews.com.br\/?p=37819"},"modified":"2022-08-18T21:07:43","modified_gmt":"2022-08-19T00:07:43","slug":"governo-decreta-estado-de-emergencia-em-41-municipios-do-piaui-por-conta-da-seca","status":"publish","type":"post","link":"https:\/\/pinews.com.br\/index.php\/2022\/08\/18\/governo-decreta-estado-de-emergencia-em-41-municipios-do-piaui-por-conta-da-seca\/","title":{"rendered":"Governo decreta estado de emerg\u00eancia em 41 munic\u00edpios do Piau\u00ed por conta da seca"},"content":{"rendered":"\n<p>O Governo do Estado decretou nesta quarta-feira (17) situa\u00e7\u00e3o de emerg\u00eancia em virtude da seca em 41 munic\u00edpios do Piau\u00ed. O problema est\u00e1 ocorrendo em munic\u00edpios do semi\u00e1rido, que compreendem o Territ\u00f3rio da Serra da Capivara, Vale do Canid\u00e9, Vale do Sambito, Vale do Rio Guaribas, Vales dos Rios e Itaueira.<\/p>\n\n\n\n<p>O decreto foi assinado pela governadora do estado, Regina Sousa (PT), e tem vig\u00eancia de 180 dias, no qual os \u00f3rg\u00e3os acionados e as entidades da administra\u00e7\u00e3o p\u00fablica, dentro dos respectivos campos de compet\u00eancia e vinculados ao Sistema de Prote\u00e7\u00e3o e Defesa Civil do Estado, adotem de medidas necess\u00e1rias \u00e0 restaura\u00e7\u00e3o da normalidade.<\/p>\n\n\n\n<p>Com os decretos de emerg\u00eancia, os gestores p\u00fablicos podem solicitar recursos ao Governo Federal ou Estadual para socorrer a popula\u00e7\u00e3o e amenizar a situa\u00e7\u00e3o de estiagem.<\/p>\n\n\n\n<h2>Estiagem e seca<\/h2>\n\n\n\n<figure class=\"wp-block-image\"><img decoding=\"async\" src=\"https:\/\/s2.glbimg.com\/xPtX8I4NKgvU6lJwBw5h0X4fG9Y=\/0x0:739x579\/984x0\/smart\/filters:strip_icc()\/i.s3.glbimg.com\/v1\/AUTH_59edd422c0c84a879bd37670ae4f538a\/internal_photos\/bs\/2022\/a\/j\/YvdhzySP6vT6zHx3eL8Q\/mapa1.jpg\" alt=\"Governo Federal decreta estado de emerg\u00eancia para 11 cidades do Piau\u00ed \u2014 Foto: Inmet\"\/><figcaption>Governo Federal decreta estado de emerg\u00eancia para 11 cidades do Piau\u00ed \u2014 Foto: Inmet<\/figcaption><\/figure>\n\n\n\n<p>Segundo a Classifica\u00e7\u00e3o e Codifica\u00e7\u00e3o Brasileira de Desastres (Cobrade), a estiagem \u00e9 um per\u00edodo prolongado de baixa ou nenhuma chuva em que a perda de umidade do solo \u00e9 maior do que a reposi\u00e7\u00e3o de umidade.<\/p>\n\n\n\n<p>J\u00e1 a seca caracteriza uma situa\u00e7\u00e3o mais grave, em que a estiagem \u00e9 ainda mais longa, e dura um per\u00edodo suficiente para causar provocar desequil\u00edbrio hidrol\u00f3gico na regi\u00e3o.<\/p>\n\n\n\n<p><strong>Fonte: G1 Pl <\/strong><\/p>\n","protected":false},"excerpt":{"rendered":"<p>O Governo do Estado decretou nesta quarta-feira (17) situa\u00e7\u00e3o de emerg\u00eancia em virtude da seca em 41 munic\u00edpios do Piau\u00ed. O problema est\u00e1 ocorrendo em munic\u00edpios do semi\u00e1rido, que compreendem o Territ\u00f3rio da Serra da Capivara, Vale do Canid\u00e9, Vale do Sambito, Vale do Rio Guaribas, Vales dos Rios e Itaueira. O decreto foi assinado [&hellip;]<\/p>\n","protected":false},"author":1,"featured_media":37820,"comment_status":"open","ping_status":"open","sticky":false,"template":"","format":"standard","meta":{"beyondwords_generate_audio":"","beyondwords_project_id":"","beyondwords_podcast_id":"","beyondwords_hash":"","beyondwords_error_message":"","beyondwords_disabled":"","publish_post_to_speechkit":"","speechkit_generate_audio":"","speechkit_project_id":"","speechkit_podcast_id":"","speechkit_hash":"","speechkit_error_message":"","speechkit_disabled":"","speechkit_access_key":"","speechkit_error":"","speechkit_info":"","speechkit_response":"","speechkit_retries":"","_speechkit_link":"","_speechkit_text":""},"categories":[51],"tags":[1102,6395,122,44,7730,46,5611,1015,458,459,52,59,1690],"jetpack_featured_media_url":"","_links":{"self":[{"href":"https:\/\/pinews.com.br\/index.php\/wp-json\/wp\/v2\/posts\/37819"}],"collection":[{"href":"https:\/\/pinews.com.br\/index.php\/wp-json\/wp\/v2\/posts"}],"about":[{"href":"https:\/\/pinews.com.br\/index.php\/wp-json\/wp\/v2\/types\/post"}],"author":[{"embeddable":true,"href":"https:\/\/pinews.com.br\/index.php\/wp-json\/wp\/v2\/users\/1"}],"replies":[{"embeddable":true,"href":"https:\/\/pinews.com.br\/index.php\/wp-json\/wp\/v2\/comments?post=37819"}],"version-history":[{"count":0,"href":"https:\/\/pinews.com.br\/index.php\/wp-json\/wp\/v2\/posts\/37819\/revisions"}],"wp:featuredmedia":[{"embeddable":true,"href":"https:\/\/pinews.com.br\/index.php\/wp-json\/"}],"wp:attachment":[{"href":"https:\/\/pinews.com.br\/index.php\/wp-json\/wp\/v2\/media?parent=37819"}],"wp:term":[{"taxonomy":"category","embeddable":true,"href":"https:\/\/pinews.com.br\/index.php\/wp-json\/wp\/v2\/categories?post=37819"},{"taxonomy":"post_tag","embeddable":true,"href":"https:\/\/pinews.com.br\/index.php\/wp-json\/wp\/v2\/tags?post=37819"}],"curies":[{"name":"wp","href":"https:\/\/api.w.org\/{rel}","templated":true}]}}