{"id":37884,"date":"2022-08-21T12:30:56","date_gmt":"2022-08-21T15:30:56","guid":{"rendered":"https:\/\/pinews.com.br\/?p=37884"},"modified":"2022-08-21T12:30:56","modified_gmt":"2022-08-21T15:30:56","slug":"suspeitos-de-roubar-carro-e-cartoes-de-creditos-sao-presos-no-piaui","status":"publish","type":"post","link":"https:\/\/pinews.com.br\/index.php\/2022\/08\/21\/suspeitos-de-roubar-carro-e-cartoes-de-creditos-sao-presos-no-piaui\/","title":{"rendered":"Suspeitos de roubar carro e cart\u00f5es de cr\u00e9ditos s\u00e3o presos no Piau\u00ed"},"content":{"rendered":"\n<p>Equipes da Pol\u00edcia Civil e Pol\u00edcia Militar de Valen\u00e7a do Piau\u00ed prenderam nesse s\u00e1bado (20), tr\u00eas indiv\u00edduos suspeitos de terem roubado um carro, cart\u00f5es de cr\u00e9dito e um celular, nas proximidades de uma casa de show no bairro Valencinha.<\/p>\n\n\n\n<p>Segundo informa\u00e7\u00f5es da Pol\u00edcia Civil, o propriet\u00e1rio do ve\u00edculo e objetos furtados, procurou \u00e0 delegacia para registrar o roubo ocorrido ainda na madrugada do s\u00e1bado (20).<\/p>\n\n\n\n<p>Ap\u00f3s dilig\u00eancias e an\u00e1lises de c\u00e2meras de seguran\u00e7a, as equipes conseguiram identificar quatro envolvidos na a\u00e7\u00e3o criminosa, por\u00e9m tr\u00eas suspeitos, que n\u00e3o tiveram seus nomes revelados, foram presos e o quarto indiv\u00edduo, identificado apenas como C\u00e1ssio, ainda se encontra foragido.<\/p>\n\n\n\n<p>J\u00e1 o ve\u00edculo foi encontrado com sinais de danos, abandonado em uma estrada vicinal que d\u00e1 acesso ao Balne\u00e1rio Santa Rosa.<\/p>\n\n\n\n<p><strong>Fonte: Rebeca Lima\/ Cidade Verde <\/strong><\/p>\n","protected":false},"excerpt":{"rendered":"<p>Equipes da Pol\u00edcia Civil e Pol\u00edcia Militar de Valen\u00e7a do Piau\u00ed prenderam nesse s\u00e1bado (20), tr\u00eas indiv\u00edduos suspeitos de terem roubado um carro, cart\u00f5es de cr\u00e9dito e um celular, nas proximidades de uma casa de show no bairro Valencinha. Segundo informa\u00e7\u00f5es da Pol\u00edcia Civil, o propriet\u00e1rio do ve\u00edculo e objetos furtados, procurou \u00e0 delegacia para [&hellip;]<\/p>\n","protected":false},"author":1,"featured_media":37885,"comment_status":"open","ping_status":"open","sticky":false,"template":"","format":"standard","meta":{"beyondwords_generate_audio":"","beyondwords_project_id":"","beyondwords_podcast_id":"","beyondwords_hash":"","beyondwords_error_message":"","beyondwords_disabled":"","publish_post_to_speechkit":"","speechkit_generate_audio":"","speechkit_project_id":"","speechkit_podcast_id":"","speechkit_hash":"","speechkit_error_message":"","speechkit_disabled":"","speechkit_access_key":"","speechkit_error":"","speechkit_info":"","speechkit_response":"","speechkit_retries":"","_speechkit_link":"","_speechkit_text":""},"categories":[51,78],"tags":[62,8476,10663,44,52,600,351,362,497],"jetpack_featured_media_url":"","_links":{"self":[{"href":"https:\/\/pinews.com.br\/index.php\/wp-json\/wp\/v2\/posts\/37884"}],"collection":[{"href":"https:\/\/pinews.com.br\/index.php\/wp-json\/wp\/v2\/posts"}],"about":[{"href":"https:\/\/pinews.com.br\/index.php\/wp-json\/wp\/v2\/types\/post"}],"author":[{"embeddable":true,"href":"https:\/\/pinews.com.br\/index.php\/wp-json\/wp\/v2\/users\/1"}],"replies":[{"embeddable":true,"href":"https:\/\/pinews.com.br\/index.php\/wp-json\/wp\/v2\/comments?post=37884"}],"version-history":[{"count":0,"href":"https:\/\/pinews.com.br\/index.php\/wp-json\/wp\/v2\/posts\/37884\/revisions"}],"wp:featuredmedia":[{"embeddable":true,"href":"https:\/\/pinews.com.br\/index.php\/wp-json\/"}],"wp:attachment":[{"href":"https:\/\/pinews.com.br\/index.php\/wp-json\/wp\/v2\/media?parent=37884"}],"wp:term":[{"taxonomy":"category","embeddable":true,"href":"https:\/\/pinews.com.br\/index.php\/wp-json\/wp\/v2\/categories?post=37884"},{"taxonomy":"post_tag","embeddable":true,"href":"https:\/\/pinews.com.br\/index.php\/wp-json\/wp\/v2\/tags?post=37884"}],"curies":[{"name":"wp","href":"https:\/\/api.w.org\/{rel}","templated":true}]}}