{"id":37943,"date":"2022-08-23T12:14:55","date_gmt":"2022-08-23T15:14:55","guid":{"rendered":"https:\/\/pinews.com.br\/?p=37943"},"modified":"2022-08-23T12:14:55","modified_gmt":"2022-08-23T15:14:55","slug":"tio-e-preso-suspeito-de-importunacao-sexual-e-crime-de-stalking-contra-sobrinha-no-piaui","status":"publish","type":"post","link":"https:\/\/pinews.com.br\/index.php\/2022\/08\/23\/tio-e-preso-suspeito-de-importunacao-sexual-e-crime-de-stalking-contra-sobrinha-no-piaui\/","title":{"rendered":"Tio \u00e9 preso suspeito de importuna\u00e7\u00e3o sexual e crime de stalking contra sobrinha no Piau\u00ed"},"content":{"rendered":"\n<p>Um tio de 46 anos foi preso suspeito pelo crime de stalking e importuna\u00e7\u00e3o sexual contra a sobrinha de 20 anos na segunda-feira (22) munic\u00edpio de Oeiras, a 281 km de Teresina.<\/p>\n\n\n\n<p>O delegado Juarez Paiva, informou que a pris\u00e3o ocorreu ap\u00f3s a v\u00edtima informar ao pai e a prima o que estava acontecendo. A v\u00edtima estaria sendo alvo do pr\u00f3prio tio desde fevereiro deste ano, quando ele come\u00e7ou a exibir os \u00f3rg\u00e3os sexuais e fazer insinua\u00e7\u00f5es.<\/p>\n\n\n\n<p>\u201cEla e o tio moram em casas pr\u00f3ximas. A fam\u00edlia dela mora em uma casa que fica atr\u00e1s da resid\u00eancia do suspeito. Cada casa \u00e9 virada para uma rua, mas o quintal \u00e9 unido, compartilhado, porque s\u00e3o a mesma fam\u00edlia. Segundo a v\u00edtima, ele aproveitava quando a m\u00e3e dela saia, e ela ficava sozinha com o filho de 7 anos, para ficar transitando pelo local sem roupa, se insinuado para a v\u00edtima, mostrando as partes \u00edntimas, se masturbando e falando palavras de cunho sexual. Mesmo que ela fechasse a porta, ele tentava arranjar alguma brecha para que ela visse ele\u201d, informou o delegado Juarez Paiva.<\/p>\n\n\n\n<p>Ele explicou que a v\u00edtima teve medo de denunciar por se tratar de um tio, e por acreditar que a fam\u00edlia n\u00e3o acreditaria nela. O homem tamb\u00e9m fazia amea\u00e7as.<\/p>\n\n\n\n<p>\u201cEla tinha medo que n\u00e3o acreditassem nela. Ela chegou a relatar para a m\u00e3e e a av\u00f3 o que estava acontecendo, mas n\u00e3o acreditaram nela. Ela afirmou que se sentia perseguida, estava amedrontada e sentia que isso estava tirando a liberdade dela. Ele tamb\u00e9m teria feito amea\u00e7as, que se ela falasse ningu\u00e9m acreditaria, que ela n\u00e3o deveria falar nada, esse tipo de coisa\u201d, explicou.<\/p>\n\n\n\n<p>Na segunda-feira, quando teria ocorrido mais um caso de importuna\u00e7\u00e3o sexual, a jovem decidiu ligar para o pai e a prima para avisar o que estava acontecendo. A prima dela foi quem acionou a Pol\u00edcia Militar.<\/p>\n\n\n\n<p>\u201cEle foi preso em flagrante. Em depoimento na pol\u00edcia ele n\u00e3o quis falar sobre o caso. Ele vai agora passar pela audi\u00eancia de cust\u00f3dia\u201d, disse o delegado.<\/p>\n\n\n\n<p>Em vigor a partir da Lei de n\u00ba 14.132\/2, stalking \u00e9 considerado crime, pun\u00edvel com reclus\u00e3o de 6 meses a 2 anos mais multa a ser fixada pelo juiz. O crime de stalking \u00e9 definido como persegui\u00e7\u00e3o reiterada, por qualquer meio, como a internet (cyberstalking), que amea\u00e7a a integridade f\u00edsica e psicol\u00f3gica de algu\u00e9m, interferindo na liberdade e na privacidade da v\u00edtima. Se o delito for cometido contra crian\u00e7a, adolescente, idoso, mulheres ou executado por duas ou mais pessoas, a pena pode aumentar. O stalking \u00e9 considerado tanto por meios virtuais, com como telefonemas, envio de mensagens e e-mails, tentativas de invas\u00e3o de contas virtuais, assim como persegui\u00e7\u00e3o presencial, como rondar a resid\u00eancia e o local de trabalho da v\u00edtima, bem como frequentar os mesmos lugares.<\/p>\n\n\n\n<figure class=\"wp-block-image size-full\"><img decoding=\"async\" src=\"https:\/\/pinews.com.br\/wp-content\/uploads\/2022\/08\/importunacao.jpg\" alt=\"\" class=\"wp-image-37944\"\/><\/figure>\n\n\n\n<p><strong>Fonte: B\u00e1rbara Rodrigues\/ Cidade Verde <\/strong><\/p>\n","protected":false},"excerpt":{"rendered":"<p>Um tio de 46 anos foi preso suspeito pelo crime de stalking e importuna\u00e7\u00e3o sexual contra a sobrinha de 20 anos na segunda-feira (22) munic\u00edpio de Oeiras, a 281 km de Teresina. O delegado Juarez Paiva, informou que a pris\u00e3o ocorreu ap\u00f3s a v\u00edtima informar ao pai e a prima o que estava acontecendo. A [&hellip;]<\/p>\n","protected":false},"author":1,"featured_media":37945,"comment_status":"open","ping_status":"open","sticky":false,"template":"","format":"standard","meta":{"beyondwords_generate_audio":"","beyondwords_project_id":"","beyondwords_podcast_id":"","beyondwords_hash":"","beyondwords_error_message":"","beyondwords_disabled":"","publish_post_to_speechkit":"","speechkit_generate_audio":"","speechkit_project_id":"","speechkit_podcast_id":"","speechkit_hash":"","speechkit_error_message":"","speechkit_disabled":"","speechkit_access_key":"","speechkit_error":"","speechkit_info":"","speechkit_response":"","speechkit_retries":"","_speechkit_link":"","_speechkit_text":""},"categories":[51,78,81],"tags":[294,558,44,72,2065,52,79,1392,9736,8365,130,1359],"jetpack_featured_media_url":"","_links":{"self":[{"href":"https:\/\/pinews.com.br\/index.php\/wp-json\/wp\/v2\/posts\/37943"}],"collection":[{"href":"https:\/\/pinews.com.br\/index.php\/wp-json\/wp\/v2\/posts"}],"about":[{"href":"https:\/\/pinews.com.br\/index.php\/wp-json\/wp\/v2\/types\/post"}],"author":[{"embeddable":true,"href":"https:\/\/pinews.com.br\/index.php\/wp-json\/wp\/v2\/users\/1"}],"replies":[{"embeddable":true,"href":"https:\/\/pinews.com.br\/index.php\/wp-json\/wp\/v2\/comments?post=37943"}],"version-history":[{"count":0,"href":"https:\/\/pinews.com.br\/index.php\/wp-json\/wp\/v2\/posts\/37943\/revisions"}],"wp:featuredmedia":[{"embeddable":true,"href":"https:\/\/pinews.com.br\/index.php\/wp-json\/"}],"wp:attachment":[{"href":"https:\/\/pinews.com.br\/index.php\/wp-json\/wp\/v2\/media?parent=37943"}],"wp:term":[{"taxonomy":"category","embeddable":true,"href":"https:\/\/pinews.com.br\/index.php\/wp-json\/wp\/v2\/categories?post=37943"},{"taxonomy":"post_tag","embeddable":true,"href":"https:\/\/pinews.com.br\/index.php\/wp-json\/wp\/v2\/tags?post=37943"}],"curies":[{"name":"wp","href":"https:\/\/api.w.org\/{rel}","templated":true}]}}