{"id":37978,"date":"2022-08-23T21:37:04","date_gmt":"2022-08-24T00:37:04","guid":{"rendered":"https:\/\/pinews.com.br\/?p=37978"},"modified":"2022-08-23T21:37:04","modified_gmt":"2022-08-24T00:37:04","slug":"facebook-e-multado-em-r-66-milhoes-por-vazar-dados-de-usuarios-brasileiros","status":"publish","type":"post","link":"https:\/\/pinews.com.br\/index.php\/2022\/08\/23\/facebook-e-multado-em-r-66-milhoes-por-vazar-dados-de-usuarios-brasileiros\/","title":{"rendered":"Facebook \u00e9 multado em R$ 6,6 milh\u00f5es por vazar dados de usu\u00e1rios brasileiros"},"content":{"rendered":"\n<p>A Secretaria Nacional do Consumidor (Senacon), \u00f3rg\u00e3o vinculado ao Minist\u00e9rio da Justi\u00e7a e Seguran\u00e7a P\u00fablica, multou o Facebook em R$ 6,6 milh\u00f5es por vazar dados de usu\u00e1rios brasileiros. A notifica\u00e7\u00e3o est\u00e1 publicada no Di\u00e1rio Oficial da Uni\u00e3o (DOU) desta ter\u00e7a-feira, 23. A empresa poder\u00e1 ter a multa reduzida em at\u00e9 25% se decidir por n\u00e3o recorrer da decis\u00e3o.&nbsp;<\/p>\n\n\n\n<p>A Senacon explica que, em 2018, dados de usu\u00e1rios da rede social foram repassados \u00e0 Cambridge Analytica, uma consultoria brit\u00e2nica de Marketing Pol\u00edtico contratada para a campanha eleitoral do ex-presidente dos Estados Unidos Donald Trump.<\/p>\n\n\n\n<p>Segundo o \u00f3rg\u00e3o, &#8220;estima-se que, na \u00e9poca, os dados de mais de 87 milh\u00f5es de pessoas em todo o mundo, incluindo 443 mil brasileiros, tenham sido compartilhados para recebimento de conte\u00fados relacionados a Trump&#8221;.<\/p>\n\n\n\n<p>A investiga\u00e7\u00e3o da Secretaria concluiu, naquele mesmo ano, que o compartilhamento ilegal de dados ocorria por meio da instala\u00e7\u00e3o do &#8216;This Is Your Digital Life&#8217;, um aplicativo de teste de personalidade. &#8220;Por apresentar falhas ao informar sobre as configura\u00e7\u00f5es de privacidade, a Senacon entendeu que o Facebook cometia pr\u00e1tica abusiva com os usu\u00e1rios e, por isso, aplicou a multa de R$ 6,6 milh\u00f5es&#8221;.<\/p>\n\n\n\n<p>Em julho deste ano, a pr\u00f3pria Senacon anulou a condena\u00e7\u00e3o para garantir a ampla defesa do Facebook. Por\u00e9m, segundo a Secretaria, a empresa continuou a afirmar que n\u00e3o houve quaisquer ind\u00edcios de que dados dos brasileiros tenham sido transferidos \u00e0 Cambridge Analytica e que, portanto, n\u00e3o haveria que se falar em mau uso ou exposi\u00e7\u00e3o indevida dessas informa\u00e7\u00f5es<\/p>\n\n\n\n<p>&#8220;As alega\u00e7\u00f5es n\u00e3o foram aceitas pela Senacon, que voltou a estabelecer a multa de R$ 6,6 milh\u00f5es&#8221;, diz em nota.<\/p>\n\n\n\n<p>O valor dever\u00e1 ser recolhido em favor do Fundo de Defesa de Direitos Difusos.<\/p>\n\n\n\n<p><strong>Fonte: Estad\u00e3o Conte\u00fado <\/strong><\/p>\n","protected":false},"excerpt":{"rendered":"<p>A Secretaria Nacional do Consumidor (Senacon), \u00f3rg\u00e3o vinculado ao Minist\u00e9rio da Justi\u00e7a e Seguran\u00e7a P\u00fablica, multou o Facebook em R$ 6,6 milh\u00f5es por vazar dados de usu\u00e1rios brasileiros. A notifica\u00e7\u00e3o est\u00e1 publicada no Di\u00e1rio Oficial da Uni\u00e3o (DOU) desta ter\u00e7a-feira, 23. A empresa poder\u00e1 ter a multa reduzida em at\u00e9 25% se decidir por n\u00e3o [&hellip;]<\/p>\n","protected":false},"author":1,"featured_media":37979,"comment_status":"open","ping_status":"open","sticky":false,"template":"","format":"standard","meta":{"beyondwords_generate_audio":"","beyondwords_project_id":"","beyondwords_podcast_id":"","beyondwords_hash":"","beyondwords_error_message":"","beyondwords_disabled":"","publish_post_to_speechkit":"","speechkit_generate_audio":"","speechkit_project_id":"","speechkit_podcast_id":"","speechkit_hash":"","speechkit_error_message":"","speechkit_disabled":"","speechkit_access_key":"","speechkit_error":"","speechkit_info":"","speechkit_response":"","speechkit_retries":"","_speechkit_link":"","_speechkit_text":""},"categories":[134],"tags":[6529,1845,5464,44,72,46,4932,2331,3375,59,8778,10672],"jetpack_featured_media_url":"","_links":{"self":[{"href":"https:\/\/pinews.com.br\/index.php\/wp-json\/wp\/v2\/posts\/37978"}],"collection":[{"href":"https:\/\/pinews.com.br\/index.php\/wp-json\/wp\/v2\/posts"}],"about":[{"href":"https:\/\/pinews.com.br\/index.php\/wp-json\/wp\/v2\/types\/post"}],"author":[{"embeddable":true,"href":"https:\/\/pinews.com.br\/index.php\/wp-json\/wp\/v2\/users\/1"}],"replies":[{"embeddable":true,"href":"https:\/\/pinews.com.br\/index.php\/wp-json\/wp\/v2\/comments?post=37978"}],"version-history":[{"count":0,"href":"https:\/\/pinews.com.br\/index.php\/wp-json\/wp\/v2\/posts\/37978\/revisions"}],"wp:featuredmedia":[{"embeddable":true,"href":"https:\/\/pinews.com.br\/index.php\/wp-json\/"}],"wp:attachment":[{"href":"https:\/\/pinews.com.br\/index.php\/wp-json\/wp\/v2\/media?parent=37978"}],"wp:term":[{"taxonomy":"category","embeddable":true,"href":"https:\/\/pinews.com.br\/index.php\/wp-json\/wp\/v2\/categories?post=37978"},{"taxonomy":"post_tag","embeddable":true,"href":"https:\/\/pinews.com.br\/index.php\/wp-json\/wp\/v2\/tags?post=37978"}],"curies":[{"name":"wp","href":"https:\/\/api.w.org\/{rel}","templated":true}]}}