{"id":38003,"date":"2022-08-24T17:20:26","date_gmt":"2022-08-24T20:20:26","guid":{"rendered":"https:\/\/pinews.com.br\/?p=38003"},"modified":"2022-08-24T17:20:26","modified_gmt":"2022-08-24T20:20:26","slug":"incendio-atinge-terreno-baldio-ao-lado-de-supermercado-no-piaui","status":"publish","type":"post","link":"https:\/\/pinews.com.br\/index.php\/2022\/08\/24\/incendio-atinge-terreno-baldio-ao-lado-de-supermercado-no-piaui\/","title":{"rendered":"Inc\u00eandio atinge terreno baldio ao lado de supermercado no Piau\u00ed"},"content":{"rendered":"\n<p>Um inc\u00eandio de m\u00e9dia propor\u00e7\u00e3o atingiu um terreno baldio ao lado de um supermercado na avenida Zequinha Freire, na zona Leste de Teresina. O fogo teve in\u00edcio por volta do meio dia desta quarta-feira (24).&nbsp;<\/p>\n\n\n\n<p>V\u00eddeos gravados por c\u00e2meras de celular mostram a altura das chamas que amea\u00e7aram atingir uma tenda localizada na \u00e1rea externa do supermercado.<\/p>\n\n\n\n<p>O Cidadeverde.com apurou que os bombeiros foram acionados, mas quando chegaram ao local, a brigada de inc\u00eandio do pr\u00f3prio supermercado havia controlado o fogo.&nbsp;<\/p>\n\n\n\n<p>N\u00e3o h\u00e1 informa\u00e7\u00f5es sobre a causa do inc\u00eandio.<\/p>\n\n\n\n<figure class=\"wp-block-embed is-type-video is-provider-youtube wp-block-embed-youtube wp-embed-aspect-16-9 wp-has-aspect-ratio\"><div class=\"wp-block-embed__wrapper\">\n<iframe loading=\"lazy\" title=\"Ince\u0302ndio atinge terreno baldio ao lado de supermercado\" width=\"1170\" height=\"658\" src=\"https:\/\/www.youtube.com\/embed\/K0KNJAP57gA?feature=oembed\" frameborder=\"0\" allow=\"accelerometer; autoplay; clipboard-write; encrypted-media; gyroscope; picture-in-picture; web-share\" allowfullscreen><\/iframe>\n<\/div><\/figure>\n\n\n\n<p><strong>Fonte: Graciane Ara\u00fajo\/ Cidade Verde <\/strong><\/p>\n","protected":false},"excerpt":{"rendered":"<p>Um inc\u00eandio de m\u00e9dia propor\u00e7\u00e3o atingiu um terreno baldio ao lado de um supermercado na avenida Zequinha Freire, na zona Leste de Teresina. O fogo teve in\u00edcio por volta do meio dia desta quarta-feira (24).&nbsp; V\u00eddeos gravados por c\u00e2meras de celular mostram a altura das chamas que amea\u00e7aram atingir uma tenda localizada na \u00e1rea externa [&hellip;]<\/p>\n","protected":false},"author":1,"featured_media":38004,"comment_status":"open","ping_status":"open","sticky":false,"template":"","format":"standard","meta":{"beyondwords_generate_audio":"","beyondwords_project_id":"","beyondwords_podcast_id":"","beyondwords_hash":"","beyondwords_error_message":"","beyondwords_disabled":"","publish_post_to_speechkit":"","speechkit_generate_audio":"","speechkit_project_id":"","speechkit_podcast_id":"","speechkit_hash":"","speechkit_error_message":"","speechkit_disabled":"","speechkit_access_key":"","speechkit_error":"","speechkit_info":"","speechkit_response":"","speechkit_retries":"","_speechkit_link":"","_speechkit_text":""},"categories":[51,81],"tags":[132,372,1013,44,547,336,52,3419,1016],"jetpack_featured_media_url":"","_links":{"self":[{"href":"https:\/\/pinews.com.br\/index.php\/wp-json\/wp\/v2\/posts\/38003"}],"collection":[{"href":"https:\/\/pinews.com.br\/index.php\/wp-json\/wp\/v2\/posts"}],"about":[{"href":"https:\/\/pinews.com.br\/index.php\/wp-json\/wp\/v2\/types\/post"}],"author":[{"embeddable":true,"href":"https:\/\/pinews.com.br\/index.php\/wp-json\/wp\/v2\/users\/1"}],"replies":[{"embeddable":true,"href":"https:\/\/pinews.com.br\/index.php\/wp-json\/wp\/v2\/comments?post=38003"}],"version-history":[{"count":0,"href":"https:\/\/pinews.com.br\/index.php\/wp-json\/wp\/v2\/posts\/38003\/revisions"}],"wp:featuredmedia":[{"embeddable":true,"href":"https:\/\/pinews.com.br\/index.php\/wp-json\/"}],"wp:attachment":[{"href":"https:\/\/pinews.com.br\/index.php\/wp-json\/wp\/v2\/media?parent=38003"}],"wp:term":[{"taxonomy":"category","embeddable":true,"href":"https:\/\/pinews.com.br\/index.php\/wp-json\/wp\/v2\/categories?post=38003"},{"taxonomy":"post_tag","embeddable":true,"href":"https:\/\/pinews.com.br\/index.php\/wp-json\/wp\/v2\/tags?post=38003"}],"curies":[{"name":"wp","href":"https:\/\/api.w.org\/{rel}","templated":true}]}}