{"id":38036,"date":"2022-08-25T17:54:40","date_gmt":"2022-08-25T20:54:40","guid":{"rendered":"https:\/\/pinews.com.br\/?p=38036"},"modified":"2022-08-25T17:54:40","modified_gmt":"2022-08-25T20:54:40","slug":"estudante-e-detido-e-levado-a-pf-por-fazer-desenho-em-banco-de-universidade-no-piaui","status":"publish","type":"post","link":"https:\/\/pinews.com.br\/index.php\/2022\/08\/25\/estudante-e-detido-e-levado-a-pf-por-fazer-desenho-em-banco-de-universidade-no-piaui\/","title":{"rendered":"Estudante \u00e9 detido e levado \u00e0 PF por fazer desenho em banco de universidade no Piau\u00ed"},"content":{"rendered":"\n<p>Um estudante da Universidade Federal do Delta do Parna\u00edba (UFDPar) foi preso nesta quinta-feira (25) ap\u00f3s&nbsp; ser denunciado por depreda\u00e7\u00e3o ao patrim\u00f4nio p\u00fablico da institui\u00e7\u00e3o. O aluno estava assistindo aula na universidade quando foi levado por policiais militares at\u00e9 a Delegacia da Pol\u00edcia Federal. A deten\u00e7\u00e3o do estudante causou revolta e um grupo realizou manifesta\u00e7\u00e3o.&nbsp;<\/p>\n\n\n\n<p>O universit\u00e1rio, do curso de psicologia, foi denunciado pela administra\u00e7\u00e3o da institui\u00e7\u00e3o por suspeita de depreda\u00e7\u00e3o ao patrim\u00f4nio p\u00fablico da universidade. A queixa diz respeito a um banco do campus que teria sido danificado pelo estudante.&nbsp;<\/p>\n\n\n\n<p>A a\u00e7\u00e3o policial aconteceu durante a aula do professor Jo\u00e3o Paulo Mac\u00eado. Ao Cidadeverde.com, o docente explicou que os PMs chegaram acompanhados pelo chefe da vigil\u00e2ncia da institui\u00e7\u00e3o de ensino e seguran\u00e7as armados. <\/p>\n\n\n\n<p>&#8220;Pedi explica\u00e7\u00f5es ao chefe de seguran\u00e7a e ele me disse que era um problema administrativo que estava acontecendo, que o aluno tinha feito uma picha\u00e7\u00e3o em um banco da universidade e que por isso teria que lev\u00e1-lo autuado&#8221;, contou o educador.<\/p>\n\n\n\n<p>A abordagem ao aluno durante a aula foi filmada por outros universit\u00e1rios. Nas imagens, \u00e9 poss\u00edvel ver um policial discutindo com o professor enquanto um dos seguran\u00e7as tenta impedir que as cenas fossem registradas. <\/p>\n\n\n\n<figure class=\"wp-block-embed is-type-video is-provider-youtube wp-block-embed-youtube wp-embed-aspect-16-9 wp-has-aspect-ratio\"><div class=\"wp-block-embed__wrapper\">\n<iframe loading=\"lazy\" title=\"Estudante faz grafite em banco e universidade aciona a PM em Parnai\u0301ba; alunos protestam\" width=\"1170\" height=\"658\" src=\"https:\/\/www.youtube.com\/embed\/qWt5gdyyv0w?feature=oembed\" frameborder=\"0\" allow=\"accelerometer; autoplay; clipboard-write; encrypted-media; gyroscope; picture-in-picture; web-share\" allowfullscreen><\/iframe>\n<\/div><\/figure>\n\n\n\n<p>Ap\u00f3s liberar a turma, Jo\u00e3o Paulo Mac\u00eado acionou um advogado e acompanhou o aluno ao longo de todos os procedimentos tomados pelas for\u00e7as de seguran\u00e7a, que o encaminharam at\u00e9 a sede da Pol\u00edcia Federal para esclarecimentos.<\/p>\n\n\n\n<p>&#8220;Em depoimento o aluno afirmou que fez um desenho no banco, uma manifesta\u00e7\u00e3o art\u00edstica, e o reitor em vez de resolver isso de forma administrativa, resolveu encaminhar o aluno para a delegacia da pol\u00edcia&#8221;, disse o docente.&nbsp;<\/p>\n\n\n\n<p>Depois de prestar depoimento, o universit\u00e1rio assinou um termo circunstanciado de ocorr\u00eancia (TCO) e vai responder pelo crime ambiental e de vandalismo. A medida, por\u00e9m, \u00e9 contestada pelo professor de psicologia.<\/p>\n\n\n\n<p>Para Jo\u00e3o Paulo Mac\u00eado a situa\u00e7\u00e3o poderia ser resolvida de outra forma, uma vez que o aluno n\u00e3o tem hist\u00f3rico de processos disciplinares. \u201cPoderia ser tratada de outra maneira pela universidade e n\u00e3o criminalizar o estudante\u201d, citou.<\/p>\n\n\n\n<p><strong>Protestos&nbsp;<\/strong><\/p>\n\n\n\n<p>Logo em seguida, estudantes mobilizaram manifesta\u00e7\u00f5es pelo campus e em frente a PF contra a a\u00e7\u00e3o da reitoria. Coordenadora do Centro Acad\u00eamico de Psicologia (Capsi), Maria Vit\u00f3ria avalia que a medida contra o aluno foi desproporcional.<\/p>\n\n\n\n<figure class=\"wp-block-image\"><img decoding=\"async\" src=\"https:\/\/cidadeverde.com\/assets\/uploads\/noticias\/c137ae54f89f85006833cf64972cf6f7.jpg\" alt=\"\"\/><figcaption>Fotos: Reprodu\u00e7\u00e3o\/Redes Sociais<\/figcaption><\/figure>\n\n\n\n<p>&#8220;Fizemos uma mobiliza\u00e7\u00e3o contra isso, pois n\u00e3o somos a favor. Repudiamos essa a\u00e7\u00e3o porque o estudante n\u00e3o danificou patrim\u00f4nio p\u00fablico, n\u00e3o pichou com frase de \u00f3dio nem nada. Ele fez uma arte em um dos bancos\u201d, enfatizou a estudante.&nbsp;&nbsp;<\/p>\n\n\n\n<p>Em nota divulgada em suas redes sociais, o Capsi classificou a a\u00e7\u00e3o contra o estudante, que \u00e9 negro, como absurda e racista<\/p>\n\n\n\n<p>\u201cAlgo que deveria ser resolvido de maneira administrativa e internamente, foi uma situa\u00e7\u00e3o de constrangimento e trucul\u00eancia policial por parte dos policiais e dos seguran\u00e7as da pr\u00f3pria universidade\u201d, cita o texto. <\/p>\n\n\n\n<p>J\u00e1 o professor Jo\u00e3o Paulo Mac\u00eado afirmou que levar a pol\u00edcia at\u00e9 a sala de aula da universidade para resolver um problema administrativo \u00e9 uma afronta n\u00e3o apenas \u00e0 atividade docente, mas a toda comunidade acad\u00eamica.&nbsp;<\/p>\n\n\n\n<p>\u201cSe passa a criminalizar os estudantes e docentes. Qualquer um de n\u00f3s agora est\u00e1 sujeito a ser abordado no nosso exerc\u00edcio de c\u00e1tedra pela PM? Estamos vivendo tempos muito estranhos com um reitor completamente autorit\u00e1rio\u201d, criticou.&nbsp;<\/p>\n\n\n\n<p>O Cidadeverde.com entrou em contato com a reitoria da UFDPar para apurar mais informa\u00e7\u00f5es sobre a ocorr\u00eancia, mas n\u00e3o obteve um retorno at\u00e9 a publica\u00e7\u00e3o dessa mat\u00e9ria. O espa\u00e7o segue em aberto para eventuais esclarecimentos. <\/p>\n\n\n\n<p><strong>Fonte: Breno Moreno\/ Cidade Verde <\/strong><\/p>\n","protected":false},"excerpt":{"rendered":"<p>Um estudante da Universidade Federal do Delta do Parna\u00edba (UFDPar) foi preso nesta quinta-feira (25) ap\u00f3s&nbsp; ser denunciado por depreda\u00e7\u00e3o ao patrim\u00f4nio p\u00fablico da institui\u00e7\u00e3o. O aluno estava assistindo aula na universidade quando foi levado por policiais militares at\u00e9 a Delegacia da Pol\u00edcia Federal. A deten\u00e7\u00e3o do estudante causou revolta e um grupo realizou manifesta\u00e7\u00e3o.&nbsp; [&hellip;]<\/p>\n","protected":false},"author":1,"featured_media":38037,"comment_status":"open","ping_status":"open","sticky":false,"template":"","format":"standard","meta":{"beyondwords_generate_audio":"","beyondwords_project_id":"","beyondwords_podcast_id":"","beyondwords_hash":"","beyondwords_error_message":"","beyondwords_disabled":"","publish_post_to_speechkit":"","speechkit_generate_audio":"","speechkit_project_id":"","speechkit_podcast_id":"","speechkit_hash":"","speechkit_error_message":"","speechkit_disabled":"","speechkit_access_key":"","speechkit_error":"","speechkit_info":"","speechkit_response":"","speechkit_retries":"","_speechkit_link":"","_speechkit_text":""},"categories":[51],"tags":[794,71,44,10678,736,72,46,529,506,331,111,52,59,9524],"jetpack_featured_media_url":"","_links":{"self":[{"href":"https:\/\/pinews.com.br\/index.php\/wp-json\/wp\/v2\/posts\/38036"}],"collection":[{"href":"https:\/\/pinews.com.br\/index.php\/wp-json\/wp\/v2\/posts"}],"about":[{"href":"https:\/\/pinews.com.br\/index.php\/wp-json\/wp\/v2\/types\/post"}],"author":[{"embeddable":true,"href":"https:\/\/pinews.com.br\/index.php\/wp-json\/wp\/v2\/users\/1"}],"replies":[{"embeddable":true,"href":"https:\/\/pinews.com.br\/index.php\/wp-json\/wp\/v2\/comments?post=38036"}],"version-history":[{"count":0,"href":"https:\/\/pinews.com.br\/index.php\/wp-json\/wp\/v2\/posts\/38036\/revisions"}],"wp:featuredmedia":[{"embeddable":true,"href":"https:\/\/pinews.com.br\/index.php\/wp-json\/"}],"wp:attachment":[{"href":"https:\/\/pinews.com.br\/index.php\/wp-json\/wp\/v2\/media?parent=38036"}],"wp:term":[{"taxonomy":"category","embeddable":true,"href":"https:\/\/pinews.com.br\/index.php\/wp-json\/wp\/v2\/categories?post=38036"},{"taxonomy":"post_tag","embeddable":true,"href":"https:\/\/pinews.com.br\/index.php\/wp-json\/wp\/v2\/tags?post=38036"}],"curies":[{"name":"wp","href":"https:\/\/api.w.org\/{rel}","templated":true}]}}