{"id":38054,"date":"2022-08-26T11:19:06","date_gmt":"2022-08-26T14:19:06","guid":{"rendered":"https:\/\/pinews.com.br\/?p=38054"},"modified":"2022-08-26T11:19:06","modified_gmt":"2022-08-26T14:19:06","slug":"homem-e-preso-com-equipamentos-furtados-em-festejos-de-cidade-do-piaui","status":"publish","type":"post","link":"https:\/\/pinews.com.br\/index.php\/2022\/08\/26\/homem-e-preso-com-equipamentos-furtados-em-festejos-de-cidade-do-piaui\/","title":{"rendered":"Homem \u00e9 preso com equipamentos furtados em festejos de cidade do Piau\u00ed"},"content":{"rendered":"\n<p>Um suspeito de furtar equipamentos fotogr\u00e1ficos e computadores durante os festejos do munic\u00edpio de \u00c1gua Branca, foi preso pelo 13\u00ba DP, na manh\u00e3 de quarta-feira (24\/08), os equipamentos foram furtados de uma empresa de publicidade e consultoria no dia 15 de agosto, os bens s\u00e3o avaliados em cerca de R$ 23 mil. <\/p>\n\n\n\n<p>Com base nas informa\u00e7\u00f5es fornecidas pelo delegado Odilo Sena, titular da 13\u00aa&nbsp;DP, a pris\u00e3o foi realizada na Vila da Paz, em Teresina. \u201cAp\u00f3s dilig\u00eancias e investiga\u00e7\u00f5es da equipe da 13\u00aa&nbsp;DP, os equipamentos foram localizados e apreendidos na posse do suspeito, que foi detido e conduzido para prestar esclarecimentos. Outros dois envolvidos foram identificados e tamb\u00e9m ser\u00e3o investigados\u201d, esclareceu o delegado.<\/p>\n\n\n\n<p>O delegado&nbsp;ainda falou&nbsp;que a PC&nbsp;de \u00c1gua Branca sabe que n\u00e3o foi a primeira vez e j\u00e1 est\u00e1 realizando o levantamento sobre as&nbsp;pessoas envolvidas nesses crimes. \u201cA Pol\u00edcia Civil de \u00c1gua Branca j\u00e1 sabe e est\u00e1 fazendo os levantamentos e em breve vai chegar a todos os envolvidos. H\u00e1 indicativos de que se trata de uma organiza\u00e7\u00e3o criminosa, com divis\u00e3o de tarefas, onde todos os envolvidos fazem a sua parte, o que gera muito dinheiro a partir desse com\u00e9rcio ilegal. A Pol\u00edcia Civil vai pedir a pris\u00e3o de todos que forem apontados na investiga\u00e7\u00e3o\u201d, acrescentou o delegado.<\/p>\n\n\n\n<p><strong>Fonte: 180 Graus\/ As informa\u00e7\u00f5es s\u00e3o do Canal 121<\/strong><\/p>\n","protected":false},"excerpt":{"rendered":"<p>Um suspeito de furtar equipamentos fotogr\u00e1ficos e computadores durante os festejos do munic\u00edpio de \u00c1gua Branca, foi preso pelo 13\u00ba DP, na manh\u00e3 de quarta-feira (24\/08), os equipamentos foram furtados de uma empresa de publicidade e consultoria no dia 15 de agosto, os bens s\u00e3o avaliados em cerca de R$ 23 mil. Com base nas [&hellip;]<\/p>\n","protected":false},"author":1,"featured_media":38055,"comment_status":"open","ping_status":"open","sticky":false,"template":"","format":"standard","meta":{"beyondwords_generate_audio":"","beyondwords_project_id":"","beyondwords_podcast_id":"","beyondwords_hash":"","beyondwords_error_message":"","beyondwords_disabled":"","publish_post_to_speechkit":"","speechkit_generate_audio":"","speechkit_project_id":"","speechkit_podcast_id":"","speechkit_hash":"","speechkit_error_message":"","speechkit_disabled":"","speechkit_access_key":"","speechkit_error":"","speechkit_info":"","speechkit_response":"","speechkit_retries":"","_speechkit_link":"","_speechkit_text":""},"categories":[51,78],"tags":[63,44,72,46,1894,1731,926,84,52,79],"jetpack_featured_media_url":"","_links":{"self":[{"href":"https:\/\/pinews.com.br\/index.php\/wp-json\/wp\/v2\/posts\/38054"}],"collection":[{"href":"https:\/\/pinews.com.br\/index.php\/wp-json\/wp\/v2\/posts"}],"about":[{"href":"https:\/\/pinews.com.br\/index.php\/wp-json\/wp\/v2\/types\/post"}],"author":[{"embeddable":true,"href":"https:\/\/pinews.com.br\/index.php\/wp-json\/wp\/v2\/users\/1"}],"replies":[{"embeddable":true,"href":"https:\/\/pinews.com.br\/index.php\/wp-json\/wp\/v2\/comments?post=38054"}],"version-history":[{"count":0,"href":"https:\/\/pinews.com.br\/index.php\/wp-json\/wp\/v2\/posts\/38054\/revisions"}],"wp:featuredmedia":[{"embeddable":true,"href":"https:\/\/pinews.com.br\/index.php\/wp-json\/"}],"wp:attachment":[{"href":"https:\/\/pinews.com.br\/index.php\/wp-json\/wp\/v2\/media?parent=38054"}],"wp:term":[{"taxonomy":"category","embeddable":true,"href":"https:\/\/pinews.com.br\/index.php\/wp-json\/wp\/v2\/categories?post=38054"},{"taxonomy":"post_tag","embeddable":true,"href":"https:\/\/pinews.com.br\/index.php\/wp-json\/wp\/v2\/tags?post=38054"}],"curies":[{"name":"wp","href":"https:\/\/api.w.org\/{rel}","templated":true}]}}