{"id":38082,"date":"2022-08-26T18:20:15","date_gmt":"2022-08-26T21:20:15","guid":{"rendered":"https:\/\/pinews.com.br\/?p=38082"},"modified":"2022-08-26T18:20:15","modified_gmt":"2022-08-26T21:20:15","slug":"sao-juliao-de-luto-professora-sofre-avc-e-morre-e-comove-todo-o-municipio","status":"publish","type":"post","link":"https:\/\/pinews.com.br\/index.php\/2022\/08\/26\/sao-juliao-de-luto-professora-sofre-avc-e-morre-e-comove-todo-o-municipio\/","title":{"rendered":"S\u00e3o Juli\u00e3o de luto: Professora sofre AVC e morre e comove todo o munic\u00edpio"},"content":{"rendered":"\n<p>O munic\u00edpio de S\u00e3o Juli\u00e3o \u2013 PI est\u00e1 de luto. Morreu no in\u00edcio desta tarde de sexta-feira, 26 de agosto, no Hospital Regional Justino Luz, em Picos \u2013 PI, a professora Shirlene Maria de Sousa Pereira.<\/p>\n\n\n\n<p>De acordo com informa\u00e7\u00f5es repassadas ao Portal \u00c9 Not\u00edcias, a profissional de educa\u00e7\u00e3o sofreu uma forte dor de cabe\u00e7a na quinta-feira (25) e foi socorrida ao Hospital Regional Justino Luz com suspeita de AVC Hemorr\u00e1gico.<\/p>\n\n\n\n<p>Seu quadro de sa\u00fade se agravou desde ent\u00e3o e ela teve que ser entubada.<\/p>\n\n\n\n<p>O falecimento de Shirlene Maria de Sousa Pereira foi confirmado por volta das 13h30 de hoje pelos seus familiares.<\/p>\n\n\n\n<p><strong>Sobre a professora Shirlene<\/strong><\/p>\n\n\n\n<p>Shirlene Maria de Sousa Pereira tinha 51 anos, era solteira e residia com sua m\u00e3e, na localidade Mauricio Pista, zona rural de S\u00e3o Juli\u00e3o \u2013 PI.<\/p>\n\n\n\n<p>Professora efetiva da rede municipal de ensino, atuava h\u00e1 v\u00e1rios anos como diretora da Unidade Escolar Rold\u00e3o de Bezerra de Alencar, situada no bairro S\u00e3o Vicente.<\/p>\n\n\n\n<p>Profissional de enorme responsabilidade, o falecimento da Professora Shirlene comoveu todo o munic\u00edpio de S\u00e3o Juli\u00e3o \u2013 PI.<\/p>\n\n\n\n<p><strong>Fonte: Portal \u00c9 Not\u00edcias<\/strong> <\/p>\n","protected":false},"excerpt":{"rendered":"<p>O munic\u00edpio de S\u00e3o Juli\u00e3o \u2013 PI est\u00e1 de luto. Morreu no in\u00edcio desta tarde de sexta-feira, 26 de agosto, no Hospital Regional Justino Luz, em Picos \u2013 PI, a professora Shirlene Maria de Sousa Pereira. De acordo com informa\u00e7\u00f5es repassadas ao Portal \u00c9 Not\u00edcias, a profissional de educa\u00e7\u00e3o sofreu uma forte dor de cabe\u00e7a [&hellip;]<\/p>\n","protected":false},"author":1,"featured_media":38083,"comment_status":"open","ping_status":"open","sticky":false,"template":"","format":"standard","meta":{"beyondwords_generate_audio":"","beyondwords_project_id":"","beyondwords_podcast_id":"","beyondwords_hash":"","beyondwords_error_message":"","beyondwords_disabled":"","publish_post_to_speechkit":"","speechkit_generate_audio":"","speechkit_project_id":"","speechkit_podcast_id":"","speechkit_hash":"","speechkit_error_message":"","speechkit_disabled":"","speechkit_access_key":"","speechkit_error":"","speechkit_info":"","speechkit_response":"","speechkit_retries":"","_speechkit_link":"","_speechkit_text":""},"categories":[124,51,500],"tags":[4773,524,44,499,185,119,50,1905,362,405,1022],"jetpack_featured_media_url":"","_links":{"self":[{"href":"https:\/\/pinews.com.br\/index.php\/wp-json\/wp\/v2\/posts\/38082"}],"collection":[{"href":"https:\/\/pinews.com.br\/index.php\/wp-json\/wp\/v2\/posts"}],"about":[{"href":"https:\/\/pinews.com.br\/index.php\/wp-json\/wp\/v2\/types\/post"}],"author":[{"embeddable":true,"href":"https:\/\/pinews.com.br\/index.php\/wp-json\/wp\/v2\/users\/1"}],"replies":[{"embeddable":true,"href":"https:\/\/pinews.com.br\/index.php\/wp-json\/wp\/v2\/comments?post=38082"}],"version-history":[{"count":0,"href":"https:\/\/pinews.com.br\/index.php\/wp-json\/wp\/v2\/posts\/38082\/revisions"}],"wp:featuredmedia":[{"embeddable":true,"href":"https:\/\/pinews.com.br\/index.php\/wp-json\/"}],"wp:attachment":[{"href":"https:\/\/pinews.com.br\/index.php\/wp-json\/wp\/v2\/media?parent=38082"}],"wp:term":[{"taxonomy":"category","embeddable":true,"href":"https:\/\/pinews.com.br\/index.php\/wp-json\/wp\/v2\/categories?post=38082"},{"taxonomy":"post_tag","embeddable":true,"href":"https:\/\/pinews.com.br\/index.php\/wp-json\/wp\/v2\/tags?post=38082"}],"curies":[{"name":"wp","href":"https:\/\/api.w.org\/{rel}","templated":true}]}}