{"id":38085,"date":"2022-08-26T21:23:27","date_gmt":"2022-08-27T00:23:27","guid":{"rendered":"https:\/\/pinews.com.br\/?p=38085"},"modified":"2022-08-26T21:23:27","modified_gmt":"2022-08-27T00:23:27","slug":"dona-de-casa-de-alagoinha-do-piaui-procura-pela-filha-com-quem-nao-tem-contato-ha-28-anos","status":"publish","type":"post","link":"https:\/\/pinews.com.br\/index.php\/2022\/08\/26\/dona-de-casa-de-alagoinha-do-piaui-procura-pela-filha-com-quem-nao-tem-contato-ha-28-anos\/","title":{"rendered":"Dona de casa de Alagoinha do Piau\u00ed procura pela filha com quem n\u00e3o tem contato h\u00e1 28 anos"},"content":{"rendered":"\n<p>A dona de casa Maria das Gra\u00e7as de Jesus, residente na localidade Pedras, em Alagoinha do Piau\u00ed, est\u00e1 \u00e0 procura de uma filha com a qual n\u00e3o tem contato desde o dia em que a menina nasceu.<\/p>\n\n\n\n<p>Segundo um v\u00eddeo gravado pela dona Maria das Gra\u00e7as e compartilhado nas redes sociais, a separa\u00e7\u00e3o entre as duas se deu ainda no Hospital Regional Justino Luz, em Picos, onde a crian\u00e7a nasceu, no dia 30 de dezembro de 1994. Ali mesmo ela se viu obrigada a deixar o beb\u00ea para a ado\u00e7\u00e3o, segundo ela, por for\u00e7a do destino, por n\u00e3o ter condi\u00e7\u00f5es financeiras para cria-la. Some-se a isso o fato da mulher ser deficiente visual, o que teria levado a fam\u00edlia a recomendar que a crian\u00e7a fosse entregue no hospital.<\/p>\n\n\n\n<p>De acordo com a Lei 13.509, que altera o Estatuto da Crian\u00e7a e do Adolescente, toda mulher tem garantido o direito de entregar um beb\u00ea para a ado\u00e7\u00e3o se assim desejar, de forma sigilosa e acompanhada de uma equipe especializada multidisciplinar.<\/p>\n\n\n\n<p>Dona Maria das Gra\u00e7as ainda detalha que os pais adotivos de sua filha a receberam no dia seguinte, em 31 de dezembro de 1994. A partir da\u00ed a m\u00e3e biol\u00f3gica nunca mais viu a crian\u00e7a.<\/p>\n\n\n\n<blockquote class=\"wp-block-quote\"><p>\u201cDe l\u00e1 pra c\u00e1 eu venho a procura de minha filha e me sinto muito angustiada por n\u00e3o saber onde ela mora, com quem ela mora\u2026 Ent\u00e3o pe\u00e7o ajuda das pessoas pra encontrar minha filha\u201d, diz a dona de casa em um trecho da grava\u00e7\u00e3o.<\/p><\/blockquote>\n\n\n\n<p>Dona Maria das Gra\u00e7as reside atualmente com uma segunda filha na zona rural de Alagoinha do Piau\u00ed. A mulher faz tamb\u00e9m um apelo aos pais adotivos da mo\u00e7a, que hoje deve ter 27 anos, prestes a fazer 28, para que permitam esse reencontro, pois a mesma s\u00f3 deseja conhecer a filha e saber de sua vida, onde mora e como est\u00e1.<\/p>\n\n\n\n<p>Um telefone para contato foi disponibilizado para qualquer informa\u00e7\u00e3o: (89) 98143-9202.<\/p>\n\n\n\n<p><strong>Fonte: Sol Nascente Not\u00edcias <\/strong><\/p>\n","protected":false},"excerpt":{"rendered":"<p>A dona de casa Maria das Gra\u00e7as de Jesus, residente na localidade Pedras, em Alagoinha do Piau\u00ed, est\u00e1 \u00e0 procura de uma filha com a qual n\u00e3o tem contato desde o dia em que a menina nasceu. Segundo um v\u00eddeo gravado pela dona Maria das Gra\u00e7as e compartilhado nas redes sociais, a separa\u00e7\u00e3o entre as [&hellip;]<\/p>\n","protected":false},"author":1,"featured_media":38086,"comment_status":"open","ping_status":"open","sticky":false,"template":"","format":"standard","meta":{"beyondwords_generate_audio":"","beyondwords_project_id":"","beyondwords_podcast_id":"","beyondwords_hash":"","beyondwords_error_message":"","beyondwords_disabled":"","publish_post_to_speechkit":"","speechkit_generate_audio":"","speechkit_project_id":"","speechkit_podcast_id":"","speechkit_hash":"","speechkit_error_message":"","speechkit_disabled":"","speechkit_access_key":"","speechkit_error":"","speechkit_info":"","speechkit_response":"","speechkit_retries":"","_speechkit_link":"","_speechkit_text":""},"categories":[1107,124,51],"tags":[938,1106,82,149,8954,44,7132,358,603,653,103,52,654,7289,60],"jetpack_featured_media_url":"","_links":{"self":[{"href":"https:\/\/pinews.com.br\/index.php\/wp-json\/wp\/v2\/posts\/38085"}],"collection":[{"href":"https:\/\/pinews.com.br\/index.php\/wp-json\/wp\/v2\/posts"}],"about":[{"href":"https:\/\/pinews.com.br\/index.php\/wp-json\/wp\/v2\/types\/post"}],"author":[{"embeddable":true,"href":"https:\/\/pinews.com.br\/index.php\/wp-json\/wp\/v2\/users\/1"}],"replies":[{"embeddable":true,"href":"https:\/\/pinews.com.br\/index.php\/wp-json\/wp\/v2\/comments?post=38085"}],"version-history":[{"count":0,"href":"https:\/\/pinews.com.br\/index.php\/wp-json\/wp\/v2\/posts\/38085\/revisions"}],"wp:featuredmedia":[{"embeddable":true,"href":"https:\/\/pinews.com.br\/index.php\/wp-json\/"}],"wp:attachment":[{"href":"https:\/\/pinews.com.br\/index.php\/wp-json\/wp\/v2\/media?parent=38085"}],"wp:term":[{"taxonomy":"category","embeddable":true,"href":"https:\/\/pinews.com.br\/index.php\/wp-json\/wp\/v2\/categories?post=38085"},{"taxonomy":"post_tag","embeddable":true,"href":"https:\/\/pinews.com.br\/index.php\/wp-json\/wp\/v2\/tags?post=38085"}],"curies":[{"name":"wp","href":"https:\/\/api.w.org\/{rel}","templated":true}]}}