{"id":38088,"date":"2022-08-26T21:25:48","date_gmt":"2022-08-27T00:25:48","guid":{"rendered":"https:\/\/pinews.com.br\/?p=38088"},"modified":"2022-08-26T21:25:48","modified_gmt":"2022-08-27T00:25:48","slug":"aneel-mantem-bandeira-tarifaria-verde-para-o-mes-de-setembro","status":"publish","type":"post","link":"https:\/\/pinews.com.br\/index.php\/2022\/08\/26\/aneel-mantem-bandeira-tarifaria-verde-para-o-mes-de-setembro\/","title":{"rendered":"Aneel mant\u00e9m bandeira tarif\u00e1ria verde para o m\u00eas de setembro"},"content":{"rendered":"\n<p>A Ag\u00eancia Nacional de Energia El\u00e9trica (Aneel) manteve a bandeira verde em setembro para todos os consumidores conectados ao Sistema Interligado Nacional (SIN). Com a decis\u00e3o, n\u00e3o haver\u00e1 cobran\u00e7a extra na conta de luz pelo quinto m\u00eas seguido.<br><br>A conta de luz est\u00e1 sem essas taxas desde o fim da bandeira de escassez h\u00eddrica, que durou&nbsp;de setembro&nbsp;de 2021 at\u00e9 meados&nbsp;de abril&nbsp;deste ano. Segundo a Aneel, na ocasi\u00e3o, a bandeira verde foi escolhida devido \u00e0s condi\u00e7\u00f5es favor\u00e1veis de gera\u00e7\u00e3o de energia.<img decoding=\"async\" src=\"https:\/\/agenciabrasil.ebc.com.br\/ebc.png?id=1479122&amp;o=node\"><img decoding=\"async\" src=\"https:\/\/agenciabrasil.ebc.com.br\/ebc.gif?id=1479122&amp;o=node\"><\/p>\n\n\n\n<p>Caso houvesse a institui\u00e7\u00e3o das outras bandeiras, a conta de luz refletiria o reajuste de at\u00e9 64% das bandeiras tarif\u00e1rias aprovado no fim de junho pela Aneel. Segundo a ag\u00eancia, os aumentos refletiram a infla\u00e7\u00e3o e o maior custo das usinas termel\u00e9tricas neste ano, decorrente do encarecimento do petr\u00f3leo e do g\u00e1s natural nos \u00faltimos meses.<\/p>\n\n\n\n<h2>Bandeiras Tarif\u00e1rias<\/h2>\n\n\n\n<p>Criadas em 2015 pela Aneel, as bandeiras tarif\u00e1rias refletem os custos vari\u00e1veis da gera\u00e7\u00e3o de energia el\u00e9trica. Divididas em n\u00edveis, as bandeiras indicam quanto est\u00e1 custando para o SIN gerar a energia usada nas casas, em estabelecimentos comerciais e nas ind\u00fastrias.<\/p>\n\n\n\n<p>Quando a conta de luz \u00e9 calculada pela bandeira verde, significa que a conta n\u00e3o sofre qualquer acr\u00e9scimo. Quando s\u00e3o aplicadas as bandeiras vermelha ou amarela, a conta sofre acr\u00e9scimos, que variam de R$ 2,989 (bandeira amarela) a R$ 9,795 (bandeira vermelha patamar 2) a cada 100 quilowatts-hora (kWh) consumidos. Quando a bandeira de escassez h\u00eddrica vigorou, de setembro de 2021 a&nbsp;15 de abril&nbsp;deste ano, o consumidor pagava R$ 14,20 extras a cada 100 kWh.<\/p>\n\n\n\n<p>O Sistema Interligado Nacional \u00e9 dividido em quatro subsistemas: Sudeste\/Centro-Oeste, Sul, Nordeste e Norte. Praticamente todo o pa\u00eds \u00e9 coberto pelo SIN. A exce\u00e7\u00e3o s\u00e3o algumas partes de estados da Regi\u00e3o Norte e de Mato Grosso, al\u00e9m de todo o estado de Roraima. Atualmente, h\u00e1 212 localidades isoladas do SIN, nas quais o consumo \u00e9 baixo e representa menos de 1% da carga total do pa\u00eds. A demanda por energia nessas regi\u00f5es \u00e9 suprida, principalmente, por t\u00e9rmicas a \u00f3leo diesel.<\/p>\n\n\n\n<p><strong>Fonte: Ag\u00eancia Brasil <\/strong><\/p>\n","protected":false},"excerpt":{"rendered":"<p>A Ag\u00eancia Nacional de Energia El\u00e9trica (Aneel) manteve a bandeira verde em setembro para todos os consumidores conectados ao Sistema Interligado Nacional (SIN). Com a decis\u00e3o, n\u00e3o haver\u00e1 cobran\u00e7a extra na conta de luz pelo quinto m\u00eas seguido. A conta de luz est\u00e1 sem essas taxas desde o fim da bandeira de escassez h\u00eddrica, que [&hellip;]<\/p>\n","protected":false},"author":1,"featured_media":38089,"comment_status":"open","ping_status":"open","sticky":false,"template":"","format":"standard","meta":{"beyondwords_generate_audio":"","beyondwords_project_id":"","beyondwords_podcast_id":"","beyondwords_hash":"","beyondwords_error_message":"","beyondwords_disabled":"","publish_post_to_speechkit":"","speechkit_generate_audio":"","speechkit_project_id":"","speechkit_podcast_id":"","speechkit_hash":"","speechkit_error_message":"","speechkit_disabled":"","speechkit_access_key":"","speechkit_error":"","speechkit_info":"","speechkit_response":"","speechkit_retries":"","_speechkit_link":"","_speechkit_text":""},"categories":[134],"tags":[6705,7401,44,6496,1974,350,3647,8436,8752],"jetpack_featured_media_url":"","_links":{"self":[{"href":"https:\/\/pinews.com.br\/index.php\/wp-json\/wp\/v2\/posts\/38088"}],"collection":[{"href":"https:\/\/pinews.com.br\/index.php\/wp-json\/wp\/v2\/posts"}],"about":[{"href":"https:\/\/pinews.com.br\/index.php\/wp-json\/wp\/v2\/types\/post"}],"author":[{"embeddable":true,"href":"https:\/\/pinews.com.br\/index.php\/wp-json\/wp\/v2\/users\/1"}],"replies":[{"embeddable":true,"href":"https:\/\/pinews.com.br\/index.php\/wp-json\/wp\/v2\/comments?post=38088"}],"version-history":[{"count":0,"href":"https:\/\/pinews.com.br\/index.php\/wp-json\/wp\/v2\/posts\/38088\/revisions"}],"wp:featuredmedia":[{"embeddable":true,"href":"https:\/\/pinews.com.br\/index.php\/wp-json\/"}],"wp:attachment":[{"href":"https:\/\/pinews.com.br\/index.php\/wp-json\/wp\/v2\/media?parent=38088"}],"wp:term":[{"taxonomy":"category","embeddable":true,"href":"https:\/\/pinews.com.br\/index.php\/wp-json\/wp\/v2\/categories?post=38088"},{"taxonomy":"post_tag","embeddable":true,"href":"https:\/\/pinews.com.br\/index.php\/wp-json\/wp\/v2\/tags?post=38088"}],"curies":[{"name":"wp","href":"https:\/\/api.w.org\/{rel}","templated":true}]}}