{"id":38100,"date":"2022-08-27T11:14:35","date_gmt":"2022-08-27T14:14:35","guid":{"rendered":"https:\/\/pinews.com.br\/?p=38100"},"modified":"2022-08-27T11:14:35","modified_gmt":"2022-08-27T14:14:35","slug":"procurado-da-justica-do-ceara-por-trafico-de-drogas-e-preso-no-piaui","status":"publish","type":"post","link":"https:\/\/pinews.com.br\/index.php\/2022\/08\/27\/procurado-da-justica-do-ceara-por-trafico-de-drogas-e-preso-no-piaui\/","title":{"rendered":"Procurado da Justi\u00e7a do Cear\u00e1 por tr\u00e1fico de drogas \u00e9 preso no Piau\u00ed"},"content":{"rendered":"\n<p>Nessa quinta-feira (25), a Pol\u00edcia Rodovi\u00e1ria Federal em Bom Jesus, estava realizando fiscaliza\u00e7\u00e3o na BR 135 quando a equipe deu ordem de parada a um ve\u00edculo.<\/p>\n\n\n\n<p>O ve\u00edculo era conduzido por um homem de 39 anos, a equipe realizou a identifica\u00e7\u00e3o do condutor e foi constatado, em seu desfavor, um Mandado de Pris\u00e3o definitivo, expedido pelo Tribunal de Justi\u00e7a do Estado do Cear\u00e1, da 1\u00aa Vara de Delito de Tr\u00e1fico de Drogas da Comarca de Fortaleza, em 12\/08\/2021 pelo crime de tr\u00e1fico de drogas.<\/p>\n\n\n\n<p><br>O indiv\u00edduo foi preso e encaminhado \u00e0 Pol\u00edcia Civil de Bom Jesus.<\/p>\n\n\n\n<p><strong>Fonte: Portal R10<\/strong><\/p>\n","protected":false},"excerpt":{"rendered":"<p>Nessa quinta-feira (25), a Pol\u00edcia Rodovi\u00e1ria Federal em Bom Jesus, estava realizando fiscaliza\u00e7\u00e3o na BR 135 quando a equipe deu ordem de parada a um ve\u00edculo. O ve\u00edculo era conduzido por um homem de 39 anos, a equipe realizou a identifica\u00e7\u00e3o do condutor e foi constatado, em seu desfavor, um Mandado de Pris\u00e3o definitivo, expedido [&hellip;]<\/p>\n","protected":false},"author":1,"featured_media":38101,"comment_status":"open","ping_status":"open","sticky":false,"template":"","format":"standard","meta":{"beyondwords_generate_audio":"","beyondwords_project_id":"","beyondwords_podcast_id":"","beyondwords_hash":"","beyondwords_error_message":"","beyondwords_disabled":"","publish_post_to_speechkit":"","speechkit_generate_audio":"","speechkit_project_id":"","speechkit_podcast_id":"","speechkit_hash":"","speechkit_error_message":"","speechkit_disabled":"","speechkit_access_key":"","speechkit_error":"","speechkit_info":"","speechkit_response":"","speechkit_retries":"","_speechkit_link":"","_speechkit_text":""},"categories":[51,78],"tags":[672,122,44,193,72,1097,52,59,79,5501,195],"jetpack_featured_media_url":"","_links":{"self":[{"href":"https:\/\/pinews.com.br\/index.php\/wp-json\/wp\/v2\/posts\/38100"}],"collection":[{"href":"https:\/\/pinews.com.br\/index.php\/wp-json\/wp\/v2\/posts"}],"about":[{"href":"https:\/\/pinews.com.br\/index.php\/wp-json\/wp\/v2\/types\/post"}],"author":[{"embeddable":true,"href":"https:\/\/pinews.com.br\/index.php\/wp-json\/wp\/v2\/users\/1"}],"replies":[{"embeddable":true,"href":"https:\/\/pinews.com.br\/index.php\/wp-json\/wp\/v2\/comments?post=38100"}],"version-history":[{"count":0,"href":"https:\/\/pinews.com.br\/index.php\/wp-json\/wp\/v2\/posts\/38100\/revisions"}],"wp:featuredmedia":[{"embeddable":true,"href":"https:\/\/pinews.com.br\/index.php\/wp-json\/"}],"wp:attachment":[{"href":"https:\/\/pinews.com.br\/index.php\/wp-json\/wp\/v2\/media?parent=38100"}],"wp:term":[{"taxonomy":"category","embeddable":true,"href":"https:\/\/pinews.com.br\/index.php\/wp-json\/wp\/v2\/categories?post=38100"},{"taxonomy":"post_tag","embeddable":true,"href":"https:\/\/pinews.com.br\/index.php\/wp-json\/wp\/v2\/tags?post=38100"}],"curies":[{"name":"wp","href":"https:\/\/api.w.org\/{rel}","templated":true}]}}