{"id":38223,"date":"2022-08-30T18:03:37","date_gmt":"2022-08-30T21:03:37","guid":{"rendered":"https:\/\/pinews.com.br\/?p=38223"},"modified":"2022-08-30T18:03:37","modified_gmt":"2022-08-30T21:03:37","slug":"prf-prende-motociclista-com-cnh-falsa-no-piaui-documento-foi-comprado-por-r-3-mil","status":"publish","type":"post","link":"https:\/\/pinews.com.br\/index.php\/2022\/08\/30\/prf-prende-motociclista-com-cnh-falsa-no-piaui-documento-foi-comprado-por-r-3-mil\/","title":{"rendered":"PRF prende motociclista com CNH falsa no Piau\u00ed;  documento foi comprado por R$ 3 mil"},"content":{"rendered":"\n<p>Um motociclista foi preso pela Pol\u00edcia Rodovi\u00e1ria Federal (PRF) ap\u00f3s apresentar uma Carteira Nacional de Habilita\u00e7\u00e3o (CNH) falsa. O caso aconteceu nesta segunda-feira (29), na BR-135 em Bom Jesus, Sul do Piau\u00ed.<\/p>\n\n\n\n<p>Segundo a PRF, o motociclista de 52 anos apresentou a CNH aos policiais e informou que n\u00e3o portava o CLRV (documenta\u00e7\u00e3o do ve\u00edculo). &#8220;Ao realizar consultas nos sistemas, a equipe observou que o condutor n\u00e3o era habilitado. Durante verifica\u00e7\u00e3o minuciosa da documenta\u00e7\u00e3o, os PRFs identificaram alguns ind\u00edcios de falsidade na CNH&#8221;, informou a pol\u00edcia.<\/p>\n\n\n\n<p>Ainda de acordo com a PRF, o condutor reconheceu que adquiriu o documento de um terceiro n\u00e3o identificado, pela quantia de R$ 3.000,00, n\u00e3o tendo realizado processo de habilita\u00e7\u00e3o junto ao DETRAN.<\/p>\n\n\n\n<p>O condutor e a documenta\u00e7\u00e3o foram encaminhados at\u00e9 a Delegacia de Pol\u00edcia Civil de Bom Jesus. O motociclista vai responder por uso de documento falso.<\/p>\n\n\n\n<p><strong>Fonte: Cidade Verde <\/strong><\/p>\n","protected":false},"excerpt":{"rendered":"<p>Um motociclista foi preso pela Pol\u00edcia Rodovi\u00e1ria Federal (PRF) ap\u00f3s apresentar uma Carteira Nacional de Habilita\u00e7\u00e3o (CNH) falsa. O caso aconteceu nesta segunda-feira (29), na BR-135 em Bom Jesus, Sul do Piau\u00ed. Segundo a PRF, o motociclista de 52 anos apresentou a CNH aos policiais e informou que n\u00e3o portava o CLRV (documenta\u00e7\u00e3o do ve\u00edculo). [&hellip;]<\/p>\n","protected":false},"author":1,"featured_media":38224,"comment_status":"open","ping_status":"open","sticky":false,"template":"","format":"standard","meta":{"beyondwords_generate_audio":"","beyondwords_project_id":"","beyondwords_podcast_id":"","beyondwords_hash":"","beyondwords_error_message":"","beyondwords_disabled":"","publish_post_to_speechkit":"","speechkit_generate_audio":"","speechkit_project_id":"","speechkit_podcast_id":"","speechkit_hash":"","speechkit_error_message":"","speechkit_disabled":"","speechkit_access_key":"","speechkit_error":"","speechkit_info":"","speechkit_response":"","speechkit_retries":"","_speechkit_link":"","_speechkit_text":""},"categories":[51,78],"tags":[1029,10702,907,1678,1066,109,296,52,59,112,104],"jetpack_featured_media_url":"","_links":{"self":[{"href":"https:\/\/pinews.com.br\/index.php\/wp-json\/wp\/v2\/posts\/38223"}],"collection":[{"href":"https:\/\/pinews.com.br\/index.php\/wp-json\/wp\/v2\/posts"}],"about":[{"href":"https:\/\/pinews.com.br\/index.php\/wp-json\/wp\/v2\/types\/post"}],"author":[{"embeddable":true,"href":"https:\/\/pinews.com.br\/index.php\/wp-json\/wp\/v2\/users\/1"}],"replies":[{"embeddable":true,"href":"https:\/\/pinews.com.br\/index.php\/wp-json\/wp\/v2\/comments?post=38223"}],"version-history":[{"count":0,"href":"https:\/\/pinews.com.br\/index.php\/wp-json\/wp\/v2\/posts\/38223\/revisions"}],"wp:featuredmedia":[{"embeddable":true,"href":"https:\/\/pinews.com.br\/index.php\/wp-json\/"}],"wp:attachment":[{"href":"https:\/\/pinews.com.br\/index.php\/wp-json\/wp\/v2\/media?parent=38223"}],"wp:term":[{"taxonomy":"category","embeddable":true,"href":"https:\/\/pinews.com.br\/index.php\/wp-json\/wp\/v2\/categories?post=38223"},{"taxonomy":"post_tag","embeddable":true,"href":"https:\/\/pinews.com.br\/index.php\/wp-json\/wp\/v2\/tags?post=38223"}],"curies":[{"name":"wp","href":"https:\/\/api.w.org\/{rel}","templated":true}]}}