{"id":38260,"date":"2022-08-31T18:23:06","date_gmt":"2022-08-31T21:23:06","guid":{"rendered":"https:\/\/pinews.com.br\/?p=38260"},"modified":"2022-08-31T18:23:06","modified_gmt":"2022-08-31T21:23:06","slug":"dois-homens-sao-presos-ao-tentar-roubar-botijao-de-gas-de-caminhao-ao-lado-de-delegacia-da-policia-federal-no-piaui","status":"publish","type":"post","link":"https:\/\/pinews.com.br\/index.php\/2022\/08\/31\/dois-homens-sao-presos-ao-tentar-roubar-botijao-de-gas-de-caminhao-ao-lado-de-delegacia-da-policia-federal-no-piaui\/","title":{"rendered":"Dois homens s\u00e3o presos ao tentar roubar botij\u00e3o de g\u00e1s de caminh\u00e3o ao lado de delegacia da Pol\u00edcia Federal no Piau\u00ed"},"content":{"rendered":"\n<p>Dois homens foram presos em flagrante nesta quarta-feira (31) ap\u00f3s tentarem furtar um botij\u00e3o de g\u00e1s que estava em um caminh\u00e3o. O ve\u00edculo estava estacionado ao lado da delegacia da Pol\u00edcia Federal de Parna\u00edba, no litoral do Piau\u00ed.<\/p>\n\n\n\n<p>Segundo a PF, o ve\u00edculo foi apreendido no dia 26 de agosto em Parna\u00edba pela Pol\u00edcia Rodovi\u00e1ria Federal, e encaminhado ao p\u00e1tio da PF. Contudo, sem espa\u00e7o no local, o caminh\u00e3o ficou estacionado na rua ao lado da delegacia.<\/p>\n\n\n\n<p>&#8220;Em raz\u00e3o do seu tamanho e da grande quantidade de ve\u00edculos apreendidos j\u00e1 estacionados no p\u00e1tio interno da Pol\u00edcia Federal em Parna\u00edba, o caminh\u00e3o encontra-se em logradouro p\u00fablico ao lado da Delegacia, enquanto passa por an\u00e1lise dos Peritos Criminais Federais. Assim que conclu\u00edda a per\u00edcia, o ve\u00edculo ficar\u00e1 \u00e0 disposi\u00e7\u00e3o da Justi\u00e7a Federal para destina\u00e7\u00e3o nos termos da lei&#8221;, informou a PF.<\/p>\n\n\n\n<p><strong>Fonte: G1 Pl <\/strong><\/p>\n","protected":false},"excerpt":{"rendered":"<p>Dois homens foram presos em flagrante nesta quarta-feira (31) ap\u00f3s tentarem furtar um botij\u00e3o de g\u00e1s que estava em um caminh\u00e3o. O ve\u00edculo estava estacionado ao lado da delegacia da Pol\u00edcia Federal de Parna\u00edba, no litoral do Piau\u00ed. Segundo a PF, o ve\u00edculo foi apreendido no dia 26 de agosto em Parna\u00edba pela Pol\u00edcia Rodovi\u00e1ria [&hellip;]<\/p>\n","protected":false},"author":1,"featured_media":38261,"comment_status":"open","ping_status":"open","sticky":false,"template":"","format":"standard","meta":{"beyondwords_generate_audio":"","beyondwords_project_id":"","beyondwords_podcast_id":"","beyondwords_hash":"","beyondwords_error_message":"","beyondwords_disabled":"","publish_post_to_speechkit":"","speechkit_generate_audio":"","speechkit_project_id":"","speechkit_podcast_id":"","speechkit_hash":"","speechkit_error_message":"","speechkit_disabled":"","speechkit_access_key":"","speechkit_error":"","speechkit_info":"","speechkit_response":"","speechkit_retries":"","_speechkit_link":"","_speechkit_text":""},"categories":[51,78],"tags":[132,7222,188,122,44,1088,106,5461,1056,108,336,52,466,600,351,362,475],"jetpack_featured_media_url":"","_links":{"self":[{"href":"https:\/\/pinews.com.br\/index.php\/wp-json\/wp\/v2\/posts\/38260"}],"collection":[{"href":"https:\/\/pinews.com.br\/index.php\/wp-json\/wp\/v2\/posts"}],"about":[{"href":"https:\/\/pinews.com.br\/index.php\/wp-json\/wp\/v2\/types\/post"}],"author":[{"embeddable":true,"href":"https:\/\/pinews.com.br\/index.php\/wp-json\/wp\/v2\/users\/1"}],"replies":[{"embeddable":true,"href":"https:\/\/pinews.com.br\/index.php\/wp-json\/wp\/v2\/comments?post=38260"}],"version-history":[{"count":0,"href":"https:\/\/pinews.com.br\/index.php\/wp-json\/wp\/v2\/posts\/38260\/revisions"}],"wp:featuredmedia":[{"embeddable":true,"href":"https:\/\/pinews.com.br\/index.php\/wp-json\/"}],"wp:attachment":[{"href":"https:\/\/pinews.com.br\/index.php\/wp-json\/wp\/v2\/media?parent=38260"}],"wp:term":[{"taxonomy":"category","embeddable":true,"href":"https:\/\/pinews.com.br\/index.php\/wp-json\/wp\/v2\/categories?post=38260"},{"taxonomy":"post_tag","embeddable":true,"href":"https:\/\/pinews.com.br\/index.php\/wp-json\/wp\/v2\/tags?post=38260"}],"curies":[{"name":"wp","href":"https:\/\/api.w.org\/{rel}","templated":true}]}}