{"id":38269,"date":"2022-09-01T11:08:09","date_gmt":"2022-09-01T14:08:09","guid":{"rendered":"https:\/\/pinews.com.br\/?p=38269"},"modified":"2022-09-01T11:08:09","modified_gmt":"2022-09-01T14:08:09","slug":"prf-apreende-carro-e-motos-irregulares-durante-fiscalizacao-no-norte-do-piaui","status":"publish","type":"post","link":"https:\/\/pinews.com.br\/index.php\/2022\/09\/01\/prf-apreende-carro-e-motos-irregulares-durante-fiscalizacao-no-norte-do-piaui\/","title":{"rendered":"PRF apreende carro e motos irregulares durante fiscaliza\u00e7\u00e3o no Norte do Piau\u00ed"},"content":{"rendered":"\n<p>A Pol\u00edcia Rodovi\u00e1ria Federal apreendeu v\u00e1rios ve\u00edculos em situa\u00e7\u00f5es irregulares nesta quarta-feira (31\/08), durante uma opera\u00e7\u00e3o de fiscaliza\u00e7\u00e3o de tr\u00e2nsito na BR-222, em Batalha, no Norte do Piau\u00ed. <\/p>\n\n\n\n<p>Os policiais rodovi\u00e1rios estiveram pela manh\u00e3 na \u00e1rea urbana do munic\u00edpio e, durante a tarde, realizaram blitz no povoado Bela Vista, conhecido popularmente como \u201cCurva\u201d, pr\u00f3ximo da ponte sobre o Rio Long\u00e1, que d\u00e1 acesso \u00e0 cidade de Esperantina.<\/p>\n\n\n\n<p>Os ve\u00edculos que foram detidos cometeram algum tipo de infra\u00e7\u00e3o de tr\u00e2nsito, como o condutor de motocicleta sem capacete, falta de habilita\u00e7\u00e3o, aus\u00eancia do retrovisor em motocicletas, documenta\u00e7\u00e3o veicular irregular, dentre outros.<\/p>\n\n\n\n<p>Foi necess\u00e1rio a utiliza\u00e7\u00e3o de caminh\u00e3o de reboque, para encaminhar os ve\u00edculos apreendidos para o posto da PRF em Piripiri.<\/p>\n\n\n\n<p><strong>Fonte: 180 Graus\/ As informa\u00e7\u00f5es s\u00e3o do Revista AZ<\/strong><\/p>\n","protected":false},"excerpt":{"rendered":"<p>A Pol\u00edcia Rodovi\u00e1ria Federal apreendeu v\u00e1rios ve\u00edculos em situa\u00e7\u00f5es irregulares nesta quarta-feira (31\/08), durante uma opera\u00e7\u00e3o de fiscaliza\u00e7\u00e3o de tr\u00e2nsito na BR-222, em Batalha, no Norte do Piau\u00ed. Os policiais rodovi\u00e1rios estiveram pela manh\u00e3 na \u00e1rea urbana do munic\u00edpio e, durante a tarde, realizaram blitz no povoado Bela Vista, conhecido popularmente como \u201cCurva\u201d, pr\u00f3ximo da [&hellip;]<\/p>\n","protected":false},"author":1,"featured_media":38270,"comment_status":"open","ping_status":"open","sticky":false,"template":"","format":"standard","meta":{"beyondwords_generate_audio":"","beyondwords_project_id":"","beyondwords_podcast_id":"","beyondwords_hash":"","beyondwords_error_message":"","beyondwords_disabled":"","publish_post_to_speechkit":"","speechkit_generate_audio":"","speechkit_project_id":"","speechkit_podcast_id":"","speechkit_hash":"","speechkit_error_message":"","speechkit_disabled":"","speechkit_access_key":"","speechkit_error":"","speechkit_info":"","speechkit_response":"","speechkit_retries":"","_speechkit_link":"","_speechkit_text":""},"categories":[51,78],"tags":[105,62,45,1131,1057,258,337,52,104],"jetpack_featured_media_url":"","_links":{"self":[{"href":"https:\/\/pinews.com.br\/index.php\/wp-json\/wp\/v2\/posts\/38269"}],"collection":[{"href":"https:\/\/pinews.com.br\/index.php\/wp-json\/wp\/v2\/posts"}],"about":[{"href":"https:\/\/pinews.com.br\/index.php\/wp-json\/wp\/v2\/types\/post"}],"author":[{"embeddable":true,"href":"https:\/\/pinews.com.br\/index.php\/wp-json\/wp\/v2\/users\/1"}],"replies":[{"embeddable":true,"href":"https:\/\/pinews.com.br\/index.php\/wp-json\/wp\/v2\/comments?post=38269"}],"version-history":[{"count":0,"href":"https:\/\/pinews.com.br\/index.php\/wp-json\/wp\/v2\/posts\/38269\/revisions"}],"wp:featuredmedia":[{"embeddable":true,"href":"https:\/\/pinews.com.br\/index.php\/wp-json\/"}],"wp:attachment":[{"href":"https:\/\/pinews.com.br\/index.php\/wp-json\/wp\/v2\/media?parent=38269"}],"wp:term":[{"taxonomy":"category","embeddable":true,"href":"https:\/\/pinews.com.br\/index.php\/wp-json\/wp\/v2\/categories?post=38269"},{"taxonomy":"post_tag","embeddable":true,"href":"https:\/\/pinews.com.br\/index.php\/wp-json\/wp\/v2\/tags?post=38269"}],"curies":[{"name":"wp","href":"https:\/\/api.w.org\/{rel}","templated":true}]}}