{"id":38293,"date":"2022-09-01T21:06:02","date_gmt":"2022-09-02T00:06:02","guid":{"rendered":"https:\/\/pinews.com.br\/?p=38293"},"modified":"2022-09-01T21:06:02","modified_gmt":"2022-09-02T00:06:02","slug":"pf-indicia-suspeitos-de-usar-dispositivo-para-furtar-viatura-no-piaui","status":"publish","type":"post","link":"https:\/\/pinews.com.br\/index.php\/2022\/09\/01\/pf-indicia-suspeitos-de-usar-dispositivo-para-furtar-viatura-no-piaui\/","title":{"rendered":"PF indicia suspeitos de usar dispositivo para furtar viatura no Piau\u00ed"},"content":{"rendered":"\n<p>Dois suspeitos foram indiciados pela Pol\u00edcia Federal por furto qualificado a uma viatura oficial da Superintend\u00eancia do Patrim\u00f4nio da Uni\u00e3o (SPU). De acordo com a PF, o crime ocorreu no in\u00edcio do m\u00eas de agosto e a dupla utilizou um dispositivo eletr\u00f4nico para impedir o travamento do ve\u00edculo.&nbsp;<\/p>\n\n\n\n<p>&#8220;E no momento em que os servidores se afastaram, os objetos que estavam dentro da viatura oficial foram subtra\u00eddos, dentre os quais notebooks, fardamentos e objetos pessoais dos funcion\u00e1rios do \u00f3rg\u00e3o&#8221;, informou a PF por meio de nota.&nbsp;<\/p>\n\n\n\n<figure class=\"wp-block-image is-resized\"><img decoding=\"async\" loading=\"lazy\" src=\"https:\/\/cidadeverde.com\/assets\/uploads\/noticias\/4b3f673c57daee98ccbf1f735993898c.jpg\" alt=\"\" width=\"377\" height=\"274\"\/><figcaption>Foto: divulga\u00e7\u00e3o PF<\/figcaption><\/figure>\n\n\n\n<p>O furto ocorreu enquanto a viatura estava estacionada na avenida Homero Castelo Branco, na zona Leste de Teresina.&nbsp;Alguns dos objetos furtados e o carro usado para praticar o crime foram recuperados durante cumprimento de mandado de busca e apreens\u00e3o nesta quarta-feira (31). Anteriomente, a PF j\u00e1 havia realizado buscas contra os suspeitos.&nbsp;<\/p>\n\n\n\n<p>N\u00e3o houve pris\u00e3o, mas a dupla foi indiciada por furto qualificado. O inqu\u00e9rito foi remetido ao Minist\u00e9rio P\u00fablico Federal em Teresina.<\/p>\n\n\n\n<p><strong>Fonte: Graciane Ara\u00fajo\/ Cidade Verde <\/strong><\/p>\n","protected":false},"excerpt":{"rendered":"<p>Dois suspeitos foram indiciados pela Pol\u00edcia Federal por furto qualificado a uma viatura oficial da Superintend\u00eancia do Patrim\u00f4nio da Uni\u00e3o (SPU). De acordo com a PF, o crime ocorreu no in\u00edcio do m\u00eas de agosto e a dupla utilizou um dispositivo eletr\u00f4nico para impedir o travamento do ve\u00edculo.&nbsp; &#8220;E no momento em que os servidores [&hellip;]<\/p>\n","protected":false},"author":1,"featured_media":38294,"comment_status":"open","ping_status":"open","sticky":false,"template":"","format":"standard","meta":{"beyondwords_generate_audio":"","beyondwords_project_id":"","beyondwords_podcast_id":"","beyondwords_hash":"","beyondwords_error_message":"","beyondwords_disabled":"","publish_post_to_speechkit":"","speechkit_generate_audio":"","speechkit_project_id":"","speechkit_podcast_id":"","speechkit_hash":"","speechkit_error_message":"","speechkit_disabled":"","speechkit_access_key":"","speechkit_error":"","speechkit_info":"","speechkit_response":"","speechkit_retries":"","_speechkit_link":"","_speechkit_text":""},"categories":[126,78,81],"tags":[44,10716,75,8045,350,111,52,497,447,415],"jetpack_featured_media_url":"","_links":{"self":[{"href":"https:\/\/pinews.com.br\/index.php\/wp-json\/wp\/v2\/posts\/38293"}],"collection":[{"href":"https:\/\/pinews.com.br\/index.php\/wp-json\/wp\/v2\/posts"}],"about":[{"href":"https:\/\/pinews.com.br\/index.php\/wp-json\/wp\/v2\/types\/post"}],"author":[{"embeddable":true,"href":"https:\/\/pinews.com.br\/index.php\/wp-json\/wp\/v2\/users\/1"}],"replies":[{"embeddable":true,"href":"https:\/\/pinews.com.br\/index.php\/wp-json\/wp\/v2\/comments?post=38293"}],"version-history":[{"count":0,"href":"https:\/\/pinews.com.br\/index.php\/wp-json\/wp\/v2\/posts\/38293\/revisions"}],"wp:featuredmedia":[{"embeddable":true,"href":"https:\/\/pinews.com.br\/index.php\/wp-json\/"}],"wp:attachment":[{"href":"https:\/\/pinews.com.br\/index.php\/wp-json\/wp\/v2\/media?parent=38293"}],"wp:term":[{"taxonomy":"category","embeddable":true,"href":"https:\/\/pinews.com.br\/index.php\/wp-json\/wp\/v2\/categories?post=38293"},{"taxonomy":"post_tag","embeddable":true,"href":"https:\/\/pinews.com.br\/index.php\/wp-json\/wp\/v2\/tags?post=38293"}],"curies":[{"name":"wp","href":"https:\/\/api.w.org\/{rel}","templated":true}]}}