{"id":38299,"date":"2022-09-02T11:32:32","date_gmt":"2022-09-02T14:32:32","guid":{"rendered":"https:\/\/pinews.com.br\/?p=38299"},"modified":"2022-09-02T11:32:32","modified_gmt":"2022-09-02T14:32:32","slug":"idoso-morre-apos-perder-controle-de-moto-em-curva-na-pi-143","status":"publish","type":"post","link":"https:\/\/pinews.com.br\/index.php\/2022\/09\/02\/idoso-morre-apos-perder-controle-de-moto-em-curva-na-pi-143\/","title":{"rendered":"Idoso morre ap\u00f3s perder controle de moto em curva na PI-143"},"content":{"rendered":"\n<p>Um acidente de motocicleta provocou a morte de um idoso nas primeiras horas da manh\u00e3 desta sexta-feira, dia 02 de setembro, na rodovia estadual PI 143, em Col\u00f4nia do Piau\u00ed, a 338 km de Teresina, na regi\u00e3o Sul do Piau\u00ed. <\/p>\n\n\n\n<p>A v\u00edtima foi identificada como Edgar Vieira da Silva, de 60 anos, natural de Oeiras e residente no povoado Pau Ferro.<\/p>\n\n\n\n<p>De acordo com informa\u00e7\u00f5es do sargento Meneses, do Grupamento da Pol\u00edcia Militar (GPM) de Col\u00f4nia do Piau\u00ed, o homem teria perdido o controle da motocicleta em uma curva na sa\u00edda da cidade, que d\u00e1 acesso ao povoado onde ele residia.<\/p>\n\n\n\n<p>Com a queda, a v\u00edtima bateu fortemente com a cabe\u00e7a, fraturando o pesco\u00e7o.  O Servi\u00e7o de Atendimento M\u00f3vel Urg\u00eancia (Samu),  foi acionado e constatou a morte do homem ainda no local do acidente. Populares afirmam que a curva no local \u00e9 acentuada.<\/p>\n\n\n\n<p>O corpo foi removido do local por funcion\u00e1rios de uma funer\u00e1ria. A Per\u00edcia esteve no local e realizou os trabalhos de praxe.<\/p>\n\n\n\n<p><strong>Fonte: As informa\u00e7\u00f5es s\u00e3o do Mural da Vila<\/strong><\/p>\n","protected":false},"excerpt":{"rendered":"<p>Um acidente de motocicleta provocou a morte de um idoso nas primeiras horas da manh\u00e3 desta sexta-feira, dia 02 de setembro, na rodovia estadual PI 143, em Col\u00f4nia do Piau\u00ed, a 338 km de Teresina, na regi\u00e3o Sul do Piau\u00ed. A v\u00edtima foi identificada como Edgar Vieira da Silva, de 60 anos, natural de Oeiras [&hellip;]<\/p>\n","protected":false},"author":1,"featured_media":38300,"comment_status":"open","ping_status":"open","sticky":false,"template":"","format":"standard","meta":{"beyondwords_generate_audio":"","beyondwords_project_id":"","beyondwords_podcast_id":"","beyondwords_hash":"","beyondwords_error_message":"","beyondwords_disabled":"","publish_post_to_speechkit":"","speechkit_generate_audio":"","speechkit_project_id":"","speechkit_podcast_id":"","speechkit_hash":"","speechkit_error_message":"","speechkit_disabled":"","speechkit_access_key":"","speechkit_error":"","speechkit_info":"","speechkit_response":"","speechkit_retries":"","_speechkit_link":"","_speechkit_text":""},"categories":[51],"tags":[70,730,1693,44,46,64,119,304,91,5797,9893],"jetpack_featured_media_url":"","_links":{"self":[{"href":"https:\/\/pinews.com.br\/index.php\/wp-json\/wp\/v2\/posts\/38299"}],"collection":[{"href":"https:\/\/pinews.com.br\/index.php\/wp-json\/wp\/v2\/posts"}],"about":[{"href":"https:\/\/pinews.com.br\/index.php\/wp-json\/wp\/v2\/types\/post"}],"author":[{"embeddable":true,"href":"https:\/\/pinews.com.br\/index.php\/wp-json\/wp\/v2\/users\/1"}],"replies":[{"embeddable":true,"href":"https:\/\/pinews.com.br\/index.php\/wp-json\/wp\/v2\/comments?post=38299"}],"version-history":[{"count":0,"href":"https:\/\/pinews.com.br\/index.php\/wp-json\/wp\/v2\/posts\/38299\/revisions"}],"wp:featuredmedia":[{"embeddable":true,"href":"https:\/\/pinews.com.br\/index.php\/wp-json\/"}],"wp:attachment":[{"href":"https:\/\/pinews.com.br\/index.php\/wp-json\/wp\/v2\/media?parent=38299"}],"wp:term":[{"taxonomy":"category","embeddable":true,"href":"https:\/\/pinews.com.br\/index.php\/wp-json\/wp\/v2\/categories?post=38299"},{"taxonomy":"post_tag","embeddable":true,"href":"https:\/\/pinews.com.br\/index.php\/wp-json\/wp\/v2\/tags?post=38299"}],"curies":[{"name":"wp","href":"https:\/\/api.w.org\/{rel}","templated":true}]}}