{"id":38325,"date":"2022-09-02T17:33:58","date_gmt":"2022-09-02T20:33:58","guid":{"rendered":"https:\/\/pinews.com.br\/?p=38325"},"modified":"2022-09-02T17:33:58","modified_gmt":"2022-09-02T20:33:58","slug":"ossada-humana-e-encontrada-entre-os-municipios-de-valenca-e-inhuma","status":"publish","type":"post","link":"https:\/\/pinews.com.br\/index.php\/2022\/09\/02\/ossada-humana-e-encontrada-entre-os-municipios-de-valenca-e-inhuma\/","title":{"rendered":"Ossada humana \u00e9 encontrada entre os munic\u00edpios de Valen\u00e7a e Inhuma"},"content":{"rendered":"\n<p>Na madrugada desta sexta-feira (02) ca\u00e7adores de Inhuma, distante 72 km de Picos, encontraram uma ossada humana no matagal entre a cidade inhumense e Valen\u00e7a do Piau\u00ed.&nbsp;<\/p>\n\n\n\n<p>Segundo informa\u00e7\u00f5es preliminares, os ca\u00e7adores ap\u00f3s encontrarem a ossada acionaram a Pol\u00edcia Militar para tomar conhecimento do fato.&nbsp;<\/p>\n\n\n\n<p>A Pol\u00edcia Civil tamb\u00e9m foi acionada para investigar o caso e isolou a \u00e1rea at\u00e9 a chegada da Per\u00edcia. Os restos mortais foram recolhidos pelo N\u00facleo do Instituto de Medicina Legal (IML) de Picos e ser\u00e1 encaminhado \u00e0 Teresina-PI.<\/p>\n\n\n\n<p>Ao Cidadeverde.com\/picos foi informada que a ossada pode ser de um homem natural de Valen\u00e7a que sofria de alcoolismo e estava desaparecido h\u00e1 3 meses.<\/p>\n\n\n\n<p>O laudo cadav\u00e9rico vai apontar a identidade dos restos mortais.<\/p>\n\n\n\n<p><strong>Fonte: Paula Monize\/ Cidade Verde <\/strong><\/p>\n","protected":false},"excerpt":{"rendered":"<p>Na madrugada desta sexta-feira (02) ca\u00e7adores de Inhuma, distante 72 km de Picos, encontraram uma ossada humana no matagal entre a cidade inhumense e Valen\u00e7a do Piau\u00ed.&nbsp; Segundo informa\u00e7\u00f5es preliminares, os ca\u00e7adores ap\u00f3s encontrarem a ossada acionaram a Pol\u00edcia Militar para tomar conhecimento do fato.&nbsp; A Pol\u00edcia Civil tamb\u00e9m foi acionada para investigar o caso [&hellip;]<\/p>\n","protected":false},"author":1,"featured_media":38326,"comment_status":"open","ping_status":"open","sticky":false,"template":"","format":"standard","meta":{"beyondwords_generate_audio":"","beyondwords_project_id":"","beyondwords_podcast_id":"","beyondwords_hash":"","beyondwords_error_message":"","beyondwords_disabled":"","publish_post_to_speechkit":"","speechkit_generate_audio":"","speechkit_project_id":"","speechkit_podcast_id":"","speechkit_hash":"","speechkit_error_message":"","speechkit_disabled":"","speechkit_access_key":"","speechkit_error":"","speechkit_info":"","speechkit_response":"","speechkit_retries":"","_speechkit_link":"","_speechkit_text":""},"categories":[51,78],"tags":[44,72,471,178,604,718,459,974,605,2080],"jetpack_featured_media_url":"","_links":{"self":[{"href":"https:\/\/pinews.com.br\/index.php\/wp-json\/wp\/v2\/posts\/38325"}],"collection":[{"href":"https:\/\/pinews.com.br\/index.php\/wp-json\/wp\/v2\/posts"}],"about":[{"href":"https:\/\/pinews.com.br\/index.php\/wp-json\/wp\/v2\/types\/post"}],"author":[{"embeddable":true,"href":"https:\/\/pinews.com.br\/index.php\/wp-json\/wp\/v2\/users\/1"}],"replies":[{"embeddable":true,"href":"https:\/\/pinews.com.br\/index.php\/wp-json\/wp\/v2\/comments?post=38325"}],"version-history":[{"count":0,"href":"https:\/\/pinews.com.br\/index.php\/wp-json\/wp\/v2\/posts\/38325\/revisions"}],"wp:featuredmedia":[{"embeddable":true,"href":"https:\/\/pinews.com.br\/index.php\/wp-json\/"}],"wp:attachment":[{"href":"https:\/\/pinews.com.br\/index.php\/wp-json\/wp\/v2\/media?parent=38325"}],"wp:term":[{"taxonomy":"category","embeddable":true,"href":"https:\/\/pinews.com.br\/index.php\/wp-json\/wp\/v2\/categories?post=38325"},{"taxonomy":"post_tag","embeddable":true,"href":"https:\/\/pinews.com.br\/index.php\/wp-json\/wp\/v2\/tags?post=38325"}],"curies":[{"name":"wp","href":"https:\/\/api.w.org\/{rel}","templated":true}]}}